{"id":3511,"date":"2022-02-02T19:17:53","date_gmt":"2022-02-02T22:17:53","guid":{"rendered":"https:\/\/fm22.com.ar\/?p=3511"},"modified":"2022-02-03T10:55:23","modified_gmt":"2022-02-03T13:55:23","slug":"se-confirmo-el-primer-caso-de-flurona-en-la-provincia","status":"publish","type":"post","link":"https:\/\/fm22.com.ar\/index.php\/2022\/02\/02\/se-confirmo-el-primer-caso-de-flurona-en-la-provincia\/","title":{"rendered":"Se confirm\u00f3 el primer caso de Flurona en la provincia"},"content":{"rendered":"<p>Se trata de la coinfecci\u00f3n de coronavirus e influenza. Fue identificada en un paciente de que reside en el departamento San Mart\u00edn, est\u00e1 en buen estado de salud, en su domicilio, bajo seguimiento m\u00e9dico.<\/p>\n<p>El Ministerio de Salud P\u00fablica confirm\u00f3 el primer caso de Flurona en la provincia. Se trata de la coinfecci\u00f3n del virus de la gripe y de COVID-19.<\/p>\n<p>\u201cSe notific\u00f3 la presencia de dos infecciones simult\u00e1neas en un ni\u00f1o de 4 a\u00f1os, que reside en el departamento San Mart\u00edn. El paciente dio positivo para coronavirus y para influenza A (H3N2)\u201d, explic\u00f3 el jefe de Sala de Situaci\u00f3n, Miguel Astudillo.<\/p>\n<p>Agreg\u00f3 que \u201cla persona se encuentra en su casa, con s\u00edntomas leves y buen estado de salud. No ha necesitado requerimiento de ox\u00edgeno y tiene una placa de t\u00f3rax normal. Est\u00e1 siendo monitoreado por profesionales de la salud. Hasta el momento no requiri\u00f3 de internaci\u00f3n ni intervenci\u00f3n de alta complejidad\u201d.<\/p>\n<p>El profesional destac\u00f3 el trabajo de Epidemiolog\u00eda en la vigilancia de virus respiratorios, lo que permiti\u00f3 identificar estas dos infecciones, de forma simult\u00e1nea, en el paciente.<\/p>\n<p>\u201cLas muestras que llegan al laboratorio de virus respiratorios del hospital Se\u00f1or del Milagro, con caracter\u00edsticas especiales, son estudiadas para detectar o descartar la presencia de Influenza, ya que hemos identificado m\u00e1s de 30 casos de este virus en lo que va del a\u00f1o\u201d, dijo.<\/p>\n<p>Sobre las coinfecciones, Astudillo manifest\u00f3 que la provincia ya lo vivi\u00f3 el a\u00f1o pasado. \u201cEn 2021 hemos tenido pacientes con m\u00e1s de un agente infeccioso como, por ejemplo, COVID-19 y dengue o COVID-19 y salmonelosis\u201d, expres\u00f3.<\/p>\n<p>Desde la cartera sanitaria se recuerda a la poblaci\u00f3n la importancia de vacunarse contra la gripe y el coronavirus. \u201cLas vacunas son una herramienta fundamental, si bien es posible que la persona se contagie, la inmunizaci\u00f3n reduce la mortalidad, la letalidad y la forma grave de la enfermedad\u201d, se\u00f1al\u00f3 el jefe de Sala de Situaci\u00f3n del Ministerio de Salud P\u00fablica.<\/p>\n<p>Tambi\u00e9n sostuvo que es importante seguir respetando las medidas de cuidado, tales como:<\/p>\n<p>\u00b7 Usar barbijo o tapaboca, que cubra nariz, boca y ment\u00f3n.<\/p>\n<p>\u00b7 Mantener la distancia f\u00edsica m\u00ednima.<\/p>\n<p>\u00b7 Evitar aglomeraciones.<\/p>\n<p>\u00b7 Lavar correctamente las manos con agua y jab\u00f3n y usar alcohol en gel.<\/p>\n<p>\u00b7 Estornudar y toser en el pliegue del codo.<\/p>\n<p>\u00b7 Ventilar siempre, todo lo que sea posible de manera continua, idealmente con ventilaci\u00f3n cruzada (ventanas y puertas en lados opuestos).<\/p>\n","protected":false},"excerpt":{"rendered":"<p>Se trata de la coinfecci\u00f3n de coronavirus e influenza. Fue identificada en un paciente de que reside en el departamento San Mart\u00edn, est\u00e1 en buen estado de salud, en su domicilio, bajo seguimiento m\u00e9dico. El Ministerio de Salud P\u00fablica confirm\u00f3 el primer caso de Flurona en la provincia. Se trata de la coinfecci\u00f3n del virus [&hellip;]<\/p>\n","protected":false},"author":2,"featured_media":3512,"comment_status":"open","ping_status":"closed","sticky":false,"template":"","format":"standard","meta":[],"categories":[2],"tags":[],"_links":{"self":[{"href":"https:\/\/fm22.com.ar\/index.php\/wp-json\/wp\/v2\/posts\/3511"}],"collection":[{"href":"https:\/\/fm22.com.ar\/index.php\/wp-json\/wp\/v2\/posts"}],"about":[{"href":"https:\/\/fm22.com.ar\/index.php\/wp-json\/wp\/v2\/types\/post"}],"author":[{"embeddable":true,"href":"https:\/\/fm22.com.ar\/index.php\/wp-json\/wp\/v2\/users\/2"}],"replies":[{"embeddable":true,"href":"https:\/\/fm22.com.ar\/index.php\/wp-json\/wp\/v2\/comments?post=3511"}],"version-history":[{"count":2,"href":"https:\/\/fm22.com.ar\/index.php\/wp-json\/wp\/v2\/posts\/3511\/revisions"}],"predecessor-version":[{"id":3518,"href":"https:\/\/fm22.com.ar\/index.php\/wp-json\/wp\/v2\/posts\/3511\/revisions\/3518"}],"wp:featuredmedia":[{"embeddable":true,"href":"https:\/\/fm22.com.ar\/index.php\/wp-json\/wp\/v2\/media\/3512"}],"wp:attachment":[{"href":"https:\/\/fm22.com.ar\/index.php\/wp-json\/wp\/v2\/media?parent=3511"}],"wp:term":[{"taxonomy":"category","embeddable":true,"href":"https:\/\/fm22.com.ar\/index.php\/wp-json\/wp\/v2\/categories?post=3511"},{"taxonomy":"post_tag","embeddable":true,"href":"https:\/\/fm22.com.ar\/index.php\/wp-json\/wp\/v2\/tags?post=3511"}],"curies":[{"name":"wp","href":"https:\/\/api.w.org\/{rel}","templated":true}]}}