{"id":3507,"date":"2022-02-02T19:06:58","date_gmt":"2022-02-02T22:06:58","guid":{"rendered":"https:\/\/fm22.com.ar\/?p=3507"},"modified":"2022-02-02T19:06:58","modified_gmt":"2022-02-02T22:06:58","slug":"reporte-covid-19-del-2-de-febrero","status":"publish","type":"post","link":"https:\/\/fm22.com.ar\/index.php\/2022\/02\/02\/reporte-covid-19-del-2-de-febrero\/","title":{"rendered":"Reporte COVID-19 del 2 de febrero"},"content":{"rendered":"<p>El Ministerio de Salud P\u00fablica informa que en las \u00faltimas 24 horas se notificaron 534 casos nuevos en la provincia, de los cuales 519 se diagnosticaron por laboratorio y 15 por criterio cl\u00ednico epidemiol\u00f3gico.<\/p>\n<p>En ese periodo se recibieron 212 consultas ambulatorias de sintom\u00e1ticos compatibles con COVID-19.<\/p>\n<p>Desde el inicio de la pandemia, en la Provincia suman 149.438 los casos confirmados, de los cuales ya se han recuperado 141.102, lo que representa el 94%.<\/p>\n<p>Hay 132 pacientes internados en unidades de terapia intensiva (el 66% no vacunados) y 62 con asistencia respiratoria mec\u00e1nica.<\/p>\n<p>A la fecha, los decesos por COVID-19 en Salta suman 3148. Se aclara que la diferencia entre el n\u00famero global informado en el reporte de ayer y el de hoy no refleja las muertes producidas en las \u00faltimas 24 horas, ya que incluye carga retrasada, luego de revisi\u00f3n y actualizaci\u00f3n de datos.<\/p>\n<p><img loading=\"lazy\" class=\"alignnone size-medium wp-image-3508\" src=\"https:\/\/fm22.com.ar\/wp-content\/uploads\/2022\/02\/FB_IMG_1643839495458-300x276.jpg\" alt=\"\" width=\"300\" height=\"276\" \/><\/p>\n<p>&nbsp;<\/p>\n","protected":false},"excerpt":{"rendered":"<p>El Ministerio de Salud P\u00fablica informa que en las \u00faltimas 24 horas se notificaron 534 casos nuevos en la provincia, de los cuales 519 se diagnosticaron por laboratorio y 15 por criterio cl\u00ednico epidemiol\u00f3gico. En ese periodo se recibieron 212 consultas ambulatorias de sintom\u00e1ticos compatibles con COVID-19. Desde el inicio de la pandemia, en la [&hellip;]<\/p>\n","protected":false},"author":2,"featured_media":3509,"comment_status":"open","ping_status":"closed","sticky":false,"template":"","format":"standard","meta":[],"categories":[2],"tags":[35,45,46],"_links":{"self":[{"href":"https:\/\/fm22.com.ar\/index.php\/wp-json\/wp\/v2\/posts\/3507"}],"collection":[{"href":"https:\/\/fm22.com.ar\/index.php\/wp-json\/wp\/v2\/posts"}],"about":[{"href":"https:\/\/fm22.com.ar\/index.php\/wp-json\/wp\/v2\/types\/post"}],"author":[{"embeddable":true,"href":"https:\/\/fm22.com.ar\/index.php\/wp-json\/wp\/v2\/users\/2"}],"replies":[{"embeddable":true,"href":"https:\/\/fm22.com.ar\/index.php\/wp-json\/wp\/v2\/comments?post=3507"}],"version-history":[{"count":1,"href":"https:\/\/fm22.com.ar\/index.php\/wp-json\/wp\/v2\/posts\/3507\/revisions"}],"predecessor-version":[{"id":3510,"href":"https:\/\/fm22.com.ar\/index.php\/wp-json\/wp\/v2\/posts\/3507\/revisions\/3510"}],"wp:featuredmedia":[{"embeddable":true,"href":"https:\/\/fm22.com.ar\/index.php\/wp-json\/wp\/v2\/media\/3509"}],"wp:attachment":[{"href":"https:\/\/fm22.com.ar\/index.php\/wp-json\/wp\/v2\/media?parent=3507"}],"wp:term":[{"taxonomy":"category","embeddable":true,"href":"https:\/\/fm22.com.ar\/index.php\/wp-json\/wp\/v2\/categories?post=3507"},{"taxonomy":"post_tag","embeddable":true,"href":"https:\/\/fm22.com.ar\/index.php\/wp-json\/wp\/v2\/tags?post=3507"}],"curies":[{"name":"wp","href":"https:\/\/api.w.org\/{rel}","templated":true}]}}