{"id":19791,"date":"2026-09-03T09:48:44","date_gmt":"2026-09-03T12:48:44","guid":{"rendered":"https:\/\/fm22.com.ar\/?p=19791"},"modified":"2026-09-03T10:01:26","modified_gmt":"2026-09-03T13:01:26","slug":"nueva-edicion-de-la-feria-artesanal-hecho-en-la-tierra-del-milagro-en-la-casa-de-la-cultura","status":"publish","type":"post","link":"https:\/\/fm22.com.ar\/index.php\/2026\/09\/03\/nueva-edicion-de-la-feria-artesanal-hecho-en-la-tierra-del-milagro-en-la-casa-de-la-cultura\/","title":{"rendered":"Nueva edici\u00f3n de la Feria Artesanal \u201cHecho en la Tierra del Milagro\u201d en la Casa de la Cultura"},"content":{"rendered":"<p>La Secretar\u00eda de Cultura de la Provincia, a trav\u00e9s del Mercado Artesanal de Salta y la Casa de la Cultura, invita a salte\u00f1os y turistas a recorrer la Feria Artesanal \u201cHecho en la Tierra del Milagro\u201d, una propuesta que busca acercar al p\u00fablico la riqueza y diversidad de la producci\u00f3n artesanal salte\u00f1a.<\/p>\n<p>La feria se llevar\u00e1 a cabo desde este viernes 4 de septiembre de 10 a 21 horas, en v\u00edsperas de la Fiesta del Se\u00f1or y Virgen del Milagro, una de las celebraciones religiosas y culturales m\u00e1s importantes de Salta, coincidiendo adem\u00e1s con un per\u00edodo de gran afluencia de visitantes y turistas a la provincia; y tendr\u00e1 lugar hasta el 11 de octubre, en el hall de la Casa de la Cultura, ubicada en Caseros 460, con entrada libre y gratuita.<\/p>\n<p>Durante la feria, las diferentes Asociaciones de Artesanos del Mercado Artesanal de Salta participar\u00e1n con espacios de exposici\u00f3n y venta, ofreciendo al p\u00fablico una amplia variedad de piezas elaboradas de manera artesanal y representativas de los distintos territorios y expresiones culturales de la provincia.<\/p>\n<p>Los visitantes podr\u00e1n encontrar artesan\u00edas vinculadas a diversos rubros, entre ellos textiles, cer\u00e1mica, madera, cuero, cester\u00eda, metales, gastronom\u00eda regional, entre otros, realizadas por artesanos que preservan t\u00e9cnicas tradicionales y transmiten saberes de generaci\u00f3n en generaci\u00f3n.<\/p>\n<p>La Feria \u201cHecho en la Tierra del Milagro\u201d constituye adem\u00e1s una oportunidad para fortalecer la comercializaci\u00f3n de las artesan\u00edas, acompa\u00f1ar el trabajo de los hacedores culturales y promover el contacto directo entre productores y consumidores.<\/p>\n<p>La iniciativa pone en valor a la artesan\u00eda como una expresi\u00f3n fundamental de la identidad cultural salte\u00f1a, destacando el v\u00ednculo entre territorio, tradici\u00f3n, creatividad y trabajo artesanal, celebrando el talento de quienes mantienen viva nuestra cultura a trav\u00e9s de sus manos.<\/p>\n<p>Fuente: Prensa Gobierno de Salta <\/p>\n","protected":false},"excerpt":{"rendered":"<p>La Secretar\u00eda de Cultura de la Provincia, a trav\u00e9s del Mercado Artesanal de Salta y la Casa de la Cultura, invita a salte\u00f1os y turistas a recorrer la Feria Artesanal \u201cHecho en la Tierra del Milagro\u201d, una propuesta que busca acercar al p\u00fablico la riqueza y diversidad de la producci\u00f3n artesanal salte\u00f1a. La feria se [&hellip;]<\/p>\n","protected":false},"author":8,"featured_media":19798,"comment_status":"open","ping_status":"closed","sticky":false,"template":"","format":"standard","meta":[],"categories":[8],"tags":[],"_links":{"self":[{"href":"https:\/\/fm22.com.ar\/index.php\/wp-json\/wp\/v2\/posts\/19791"}],"collection":[{"href":"https:\/\/fm22.com.ar\/index.php\/wp-json\/wp\/v2\/posts"}],"about":[{"href":"https:\/\/fm22.com.ar\/index.php\/wp-json\/wp\/v2\/types\/post"}],"author":[{"embeddable":true,"href":"https:\/\/fm22.com.ar\/index.php\/wp-json\/wp\/v2\/users\/8"}],"replies":[{"embeddable":true,"href":"https:\/\/fm22.com.ar\/index.php\/wp-json\/wp\/v2\/comments?post=19791"}],"version-history":[{"count":1,"href":"https:\/\/fm22.com.ar\/index.php\/wp-json\/wp\/v2\/posts\/19791\/revisions"}],"predecessor-version":[{"id":19792,"href":"https:\/\/fm22.com.ar\/index.php\/wp-json\/wp\/v2\/posts\/19791\/revisions\/19792"}],"wp:featuredmedia":[{"embeddable":true,"href":"https:\/\/fm22.com.ar\/index.php\/wp-json\/wp\/v2\/media\/19798"}],"wp:attachment":[{"href":"https:\/\/fm22.com.ar\/index.php\/wp-json\/wp\/v2\/media?parent=19791"}],"wp:term":[{"taxonomy":"category","embeddable":true,"href":"https:\/\/fm22.com.ar\/index.php\/wp-json\/wp\/v2\/categories?post=19791"},{"taxonomy":"post_tag","embeddable":true,"href":"https:\/\/fm22.com.ar\/index.php\/wp-json\/wp\/v2\/tags?post=19791"}],"curies":[{"name":"wp","href":"https:\/\/api.w.org\/{rel}","templated":true}]}}