{"id":19789,"date":"2026-09-03T09:44:42","date_gmt":"2026-09-03T12:44:42","guid":{"rendered":"https:\/\/fm22.com.ar\/?p=19789"},"modified":"2026-09-03T10:00:33","modified_gmt":"2026-09-03T13:00:33","slug":"magenes-peregrinas-del-senor-y-la-virgen-del-milagro-este-viernes-visitaran-casa-de-gobierno","status":"publish","type":"post","link":"https:\/\/fm22.com.ar\/index.php\/2026\/09\/03\/magenes-peregrinas-del-senor-y-la-virgen-del-milagro-este-viernes-visitaran-casa-de-gobierno\/","title":{"rendered":"m\u00e1genes peregrinas del Se\u00f1or y la Virgen del Milagro: este viernes visitar\u00e1n Casa de Gobierno"},"content":{"rendered":"<p>Este viernes 4 de septiembre, las im\u00e1genes peregrinas del Se\u00f1or y la Virgen del Milagro visitar\u00e1n por quinto a\u00f1o consecutivo el Centro C\u00edvico Grand Bourg. <\/p>\n<p>Los santos Patronos arribar\u00e1n a Casa de Gobierno a las 9 de la ma\u00f1ana y ser\u00e1n recibidas por autoridades y trabajadores, junto a la banda de m\u00fasica del Ej\u00e9rcito Bonifacio Ruiz de los Llanos y el coro de adultos mayores.  <\/p>\n<p>Empleados p\u00fablicos de las distintas dependencias gubernamentales podr\u00e1n participar, como todos los a\u00f1os del recorrido junto a los Santos Patronos. Posteriormente Monse\u00f1or Mario Antonio Cargnello oficiar\u00e1 la misa dirigida a los trabajadores y vecinos de la zona.<br \/>\nEn ese marco, la secretaria de Gobierno, Oriana N\u00e9vora, destac\u00f3 la importancia de la celebraci\u00f3n: \u201cSer\u00e1 un momento muy emotivo para que los empleados puedan hacer sus pedidos y agradecimientos, iluminados por la fe del Milagro que tanto nos caracteriza a los salte\u00f1os. Este recorrido va a estar acompa\u00f1ado por la banda de m\u00fasica del Ej\u00e9rcito y por el coro de adultos mayores, y va a finalizar con una misa oficiada por Monse\u00f1or\u201d, destac\u00f3 N\u00e9vora.<\/p>\n<p>Asimismo, la funcionaria record\u00f3 que \u201cesta actividad est\u00e1 organizada por el \u00e1rea dependiente de Recursos Humanos y coordinada con el Arzobispado de Salta\u201d e invit\u00f3 a participar a toda la comunidad. \u201cInvitamos a todos los empleados p\u00fablicos de los distintos ministerios y tambi\u00e9n a los vecinos de la zona a ser parte de este recorrido y esta jornada tan emotiva. Adem\u00e1s, los distintos ministerios se encuentran trabajando en la recolecci\u00f3n de alimentos no perecederos y claveles que ser\u00e1n ofrendados ese d\u00eda\u201d, concluy\u00f3 la funcionaria. <\/p>\n<p>Fuente: Prensa Gobierno de Salta <\/p>\n","protected":false},"excerpt":{"rendered":"<p>Este viernes 4 de septiembre, las im\u00e1genes peregrinas del Se\u00f1or y la Virgen del Milagro visitar\u00e1n por quinto a\u00f1o consecutivo el Centro C\u00edvico Grand Bourg. Los santos Patronos arribar\u00e1n a Casa de Gobierno a las 9 de la ma\u00f1ana y ser\u00e1n recibidas por autoridades y trabajadores, junto a la banda de m\u00fasica del Ej\u00e9rcito Bonifacio [&hellip;]<\/p>\n","protected":false},"author":8,"featured_media":19797,"comment_status":"open","ping_status":"closed","sticky":false,"template":"","format":"standard","meta":[],"categories":[105],"tags":[],"_links":{"self":[{"href":"https:\/\/fm22.com.ar\/index.php\/wp-json\/wp\/v2\/posts\/19789"}],"collection":[{"href":"https:\/\/fm22.com.ar\/index.php\/wp-json\/wp\/v2\/posts"}],"about":[{"href":"https:\/\/fm22.com.ar\/index.php\/wp-json\/wp\/v2\/types\/post"}],"author":[{"embeddable":true,"href":"https:\/\/fm22.com.ar\/index.php\/wp-json\/wp\/v2\/users\/8"}],"replies":[{"embeddable":true,"href":"https:\/\/fm22.com.ar\/index.php\/wp-json\/wp\/v2\/comments?post=19789"}],"version-history":[{"count":1,"href":"https:\/\/fm22.com.ar\/index.php\/wp-json\/wp\/v2\/posts\/19789\/revisions"}],"predecessor-version":[{"id":19790,"href":"https:\/\/fm22.com.ar\/index.php\/wp-json\/wp\/v2\/posts\/19789\/revisions\/19790"}],"wp:featuredmedia":[{"embeddable":true,"href":"https:\/\/fm22.com.ar\/index.php\/wp-json\/wp\/v2\/media\/19797"}],"wp:attachment":[{"href":"https:\/\/fm22.com.ar\/index.php\/wp-json\/wp\/v2\/media?parent=19789"}],"wp:term":[{"taxonomy":"category","embeddable":true,"href":"https:\/\/fm22.com.ar\/index.php\/wp-json\/wp\/v2\/categories?post=19789"},{"taxonomy":"post_tag","embeddable":true,"href":"https:\/\/fm22.com.ar\/index.php\/wp-json\/wp\/v2\/tags?post=19789"}],"curies":[{"name":"wp","href":"https:\/\/api.w.org\/{rel}","templated":true}]}}