{"id":19787,"date":"2026-09-03T09:40:17","date_gmt":"2026-09-03T12:40:17","guid":{"rendered":"https:\/\/fm22.com.ar\/?p=19787"},"modified":"2026-09-03T09:59:54","modified_gmt":"2026-09-03T12:59:54","slug":"salta-es-sede-de-las-jornadas-de-arte-y-tecnologia-en-el-norte-y-del-festival-tara-de-musica-contemporanea","status":"publish","type":"post","link":"https:\/\/fm22.com.ar\/index.php\/2026\/09\/03\/salta-es-sede-de-las-jornadas-de-arte-y-tecnologia-en-el-norte-y-del-festival-tara-de-musica-contemporanea\/","title":{"rendered":"Salta es sede de las Jornadas de Arte y Tecnolog\u00eda en el Norte y del Festival TARA de M\u00fasica Contempor\u00e1nea"},"content":{"rendered":"<p>La ciudad de Salta alberga una nueva edici\u00f3n de las Jornadas de Arte y Tecnolog\u00eda en el Norte (JATeN) y el Festival TARA de M\u00fasica Contempor\u00e1nea, que se llevar\u00e1n a cabo hasta este viernes 4 de septiembre de 2026. La iniciativa reunir\u00e1 a artistas, m\u00fasicos, docentes, investigadores y estudiantes para compartir experiencias vinculadas a la tecnolog\u00eda, la m\u00fasica, las artes audiovisuales y las experiencias inmersivas.<\/p>\n<p>El encuentro se desarrollar\u00e1 de forma presencial en cuatro sedes: la Escuela Superior de M\u00fasica N\u00b0 6003 en el barrio El Huaico, la Usina Cultural, el Museo Hist\u00f3rico \u201cPalacio Zorrilla\u201d de la Universidad Nacional de Salta y la Escuela Universitaria de M\u00fasica de la Universidad Cat\u00f3lica de Salta.<br \/>\nA lo largo de las jornadas, el p\u00fablico puede acceder a una programaci\u00f3n variada que incluye charlas, talleres, workshops, instalaciones y conciertos en vivo. Las actividades son de acceso libre y gratuito. <\/p>\n<p>Fuente: Prensa Gobierno de Salta <\/p>\n","protected":false},"excerpt":{"rendered":"<p>La ciudad de Salta alberga una nueva edici\u00f3n de las Jornadas de Arte y Tecnolog\u00eda en el Norte (JATeN) y el Festival TARA de M\u00fasica Contempor\u00e1nea, que se llevar\u00e1n a cabo hasta este viernes 4 de septiembre de 2026. La iniciativa reunir\u00e1 a artistas, m\u00fasicos, docentes, investigadores y estudiantes para compartir experiencias vinculadas a la [&hellip;]<\/p>\n","protected":false},"author":8,"featured_media":19796,"comment_status":"open","ping_status":"closed","sticky":false,"template":"","format":"standard","meta":[],"categories":[8],"tags":[],"_links":{"self":[{"href":"https:\/\/fm22.com.ar\/index.php\/wp-json\/wp\/v2\/posts\/19787"}],"collection":[{"href":"https:\/\/fm22.com.ar\/index.php\/wp-json\/wp\/v2\/posts"}],"about":[{"href":"https:\/\/fm22.com.ar\/index.php\/wp-json\/wp\/v2\/types\/post"}],"author":[{"embeddable":true,"href":"https:\/\/fm22.com.ar\/index.php\/wp-json\/wp\/v2\/users\/8"}],"replies":[{"embeddable":true,"href":"https:\/\/fm22.com.ar\/index.php\/wp-json\/wp\/v2\/comments?post=19787"}],"version-history":[{"count":1,"href":"https:\/\/fm22.com.ar\/index.php\/wp-json\/wp\/v2\/posts\/19787\/revisions"}],"predecessor-version":[{"id":19788,"href":"https:\/\/fm22.com.ar\/index.php\/wp-json\/wp\/v2\/posts\/19787\/revisions\/19788"}],"wp:featuredmedia":[{"embeddable":true,"href":"https:\/\/fm22.com.ar\/index.php\/wp-json\/wp\/v2\/media\/19796"}],"wp:attachment":[{"href":"https:\/\/fm22.com.ar\/index.php\/wp-json\/wp\/v2\/media?parent=19787"}],"wp:term":[{"taxonomy":"category","embeddable":true,"href":"https:\/\/fm22.com.ar\/index.php\/wp-json\/wp\/v2\/categories?post=19787"},{"taxonomy":"post_tag","embeddable":true,"href":"https:\/\/fm22.com.ar\/index.php\/wp-json\/wp\/v2\/tags?post=19787"}],"curies":[{"name":"wp","href":"https:\/\/api.w.org\/{rel}","templated":true}]}}