{"id":19785,"date":"2026-09-03T09:37:43","date_gmt":"2026-09-03T12:37:43","guid":{"rendered":"https:\/\/fm22.com.ar\/?p=19785"},"modified":"2026-09-03T09:59:07","modified_gmt":"2026-09-03T12:59:07","slug":"la-sinfonica-tocara-gratis-en-el-norte-salteno","status":"publish","type":"post","link":"https:\/\/fm22.com.ar\/index.php\/2026\/09\/03\/la-sinfonica-tocara-gratis-en-el-norte-salteno\/","title":{"rendered":"La Sinf\u00f3nica tocar\u00e1 gratis en el norte salte\u00f1o"},"content":{"rendered":"<p>La Orquesta Sinf\u00f3nica de Salta emprender\u00e1 esta semana una gira hacia el Norte de la provincia, con dos conciertos en las ciudades de Embarcaci\u00f3n y Or\u00e1n. El primero ser\u00e1 este jueves 3, a las 21 horas, en la parroquia San Roque, situada en la calle 20 de Febrero 260, Embarcaci\u00f3n; mientras que la segunda presentaci\u00f3n ser\u00e1 ma\u00f1ana viernes 4, tambi\u00e9n a las 21 horas en la Catedral de San Ram\u00f3n Nonato, sita en Carlos Pellegrini 581, San Ram\u00f3n de la Nueva Or\u00e1n. Ambos conciertos ser\u00e1n con entrada libre y gratuita, hasta completar la capacidad de los templos.<br \/>\nLa OSS ser\u00e1 dirigida por su maestro titular, el colombiano Jorge Mario Uribe, y el violinista Iv\u00e1n Mastronardi actuar\u00e1 como solista invitado. El repertorio incluye la obertura de la \u00f3pera El Barbero de Sevilla, del compositor italiano Gioachino Rossini; el Concierto para Viol\u00edn y Orquesta Nro. 1 del alem\u00e1n Max Bruch; la Suite Nro. 2 de la \u00f3pera Carmen, del franc\u00e9s Georges Bizet; y, como regalo especial, un par de zambas del repertorio folkl\u00f3rico salte\u00f1o.<\/p>\n<p>Esta gira reafirma el compromiso fundacional de la Orquesta Sinf\u00f3nica de Salta con el p\u00fablico del interior de la provincia, especialmente en el a\u00f1o de sus Bodas de Plata. El ciclo \u201cLa Orquesta recorre la provincia\u201d continuar\u00e1 la semana entrante con un concierto en el Centro de Convenciones de Cafayate, el viernes 11 de septiembre, con el mismo programa y entrada libre y gratuita.<\/p>\n<p>Fuente: Prensa Gobierno de Salta <\/p>\n","protected":false},"excerpt":{"rendered":"<p>La Orquesta Sinf\u00f3nica de Salta emprender\u00e1 esta semana una gira hacia el Norte de la provincia, con dos conciertos en las ciudades de Embarcaci\u00f3n y Or\u00e1n. El primero ser\u00e1 este jueves 3, a las 21 horas, en la parroquia San Roque, situada en la calle 20 de Febrero 260, Embarcaci\u00f3n; mientras que la segunda presentaci\u00f3n [&hellip;]<\/p>\n","protected":false},"author":8,"featured_media":19795,"comment_status":"open","ping_status":"closed","sticky":false,"template":"","format":"standard","meta":[],"categories":[8],"tags":[],"_links":{"self":[{"href":"https:\/\/fm22.com.ar\/index.php\/wp-json\/wp\/v2\/posts\/19785"}],"collection":[{"href":"https:\/\/fm22.com.ar\/index.php\/wp-json\/wp\/v2\/posts"}],"about":[{"href":"https:\/\/fm22.com.ar\/index.php\/wp-json\/wp\/v2\/types\/post"}],"author":[{"embeddable":true,"href":"https:\/\/fm22.com.ar\/index.php\/wp-json\/wp\/v2\/users\/8"}],"replies":[{"embeddable":true,"href":"https:\/\/fm22.com.ar\/index.php\/wp-json\/wp\/v2\/comments?post=19785"}],"version-history":[{"count":1,"href":"https:\/\/fm22.com.ar\/index.php\/wp-json\/wp\/v2\/posts\/19785\/revisions"}],"predecessor-version":[{"id":19786,"href":"https:\/\/fm22.com.ar\/index.php\/wp-json\/wp\/v2\/posts\/19785\/revisions\/19786"}],"wp:featuredmedia":[{"embeddable":true,"href":"https:\/\/fm22.com.ar\/index.php\/wp-json\/wp\/v2\/media\/19795"}],"wp:attachment":[{"href":"https:\/\/fm22.com.ar\/index.php\/wp-json\/wp\/v2\/media?parent=19785"}],"wp:term":[{"taxonomy":"category","embeddable":true,"href":"https:\/\/fm22.com.ar\/index.php\/wp-json\/wp\/v2\/categories?post=19785"},{"taxonomy":"post_tag","embeddable":true,"href":"https:\/\/fm22.com.ar\/index.php\/wp-json\/wp\/v2\/tags?post=19785"}],"curies":[{"name":"wp","href":"https:\/\/api.w.org\/{rel}","templated":true}]}}