{"id":19783,"date":"2026-09-03T09:32:54","date_gmt":"2026-09-03T12:32:54","guid":{"rendered":"https:\/\/fm22.com.ar\/?p=19783"},"modified":"2026-09-03T09:58:21","modified_gmt":"2026-09-03T12:58:21","slug":"la-mineria-de-salta-y-el-pais-se-destacan-en-argentina-mining-norte-2026","status":"publish","type":"post","link":"https:\/\/fm22.com.ar\/index.php\/2026\/09\/03\/la-mineria-de-salta-y-el-pais-se-destacan-en-argentina-mining-norte-2026\/","title":{"rendered":"La miner\u00eda de Salta y el pa\u00eds se destacan en Argentina Mining Norte 2026"},"content":{"rendered":"<p>Con una importante concurrencia de representantes de la industria minera, qued\u00f3 inaugurada este mi\u00e9rcoles Argentina Mining Norte 2026, uno de los principales encuentros del sector en el pa\u00eds, que se desarrollar\u00e1 hasta ma\u00f1ana viernes 4 de septiembre en el Centro de Convenciones de Salta.<\/p>\n<p>El acto de apertura estuvo encabezado por el ministro de Producci\u00f3n y Miner\u00eda de Salta, Jos\u00e9 Ignacio Lupi\u00f3n; el subsecretario de Desarrollo Minero de la Naci\u00f3n, Mario Ricardo Thiem; y el director de Argentina Mining, Javier Rojas, junto a representantes de la C\u00e1mara de Miner\u00eda de Salta, CAPEMISA, la C\u00e1mara de la Puna y otras instituciones vinculadas a la actividad.<\/p>\n<p>En la ocasi\u00f3n, el ministro Lupi\u00f3n destac\u00f3 la transformaci\u00f3n que experiment\u00f3 la miner\u00eda en las \u00faltimas d\u00e9cadas y el lugar estrat\u00e9gico que adquirieron los minerales frente a la transici\u00f3n energ\u00e9tica, la electromovilidad, la digitalizaci\u00f3n y el desarrollo tecnol\u00f3gico.<\/p>\n<p>\u201cEstamos atravesando un cambio de \u00e9poca y detr\u00e1s de buena parte de ese cambio hay minerales. Por eso estamos frente a una enorme oportunidad para la Argentina, para nuestra regi\u00f3n y particularmente para Salta\u201d, expres\u00f3 el funcionario.<\/p>\n<p>Remarc\u00f3, adem\u00e1s, el avance productivo alcanzado por la provincia, haciendo hincapi\u00e9 en que \u201choy producimos oro, litio, boratos y sus derivados. Exportamos al mundo, atraemos inversiones, generamos empleo, fortalecemos proveedores y desarrollamos infraestructura y capacidades que quedan en nuestra provincia. Lo que durante a\u00f1os llamamos potencial minero, hoy es una realidad productiva, ya que como dice nuestro gobernador, Gustavo S\u00e1enz, Salta dej\u00f3 de ser solo una provincia con minerales para convertirse en una pujante provincia minera\u201d.<br \/>\nEn esa l\u00ednea, plante\u00f3 la necesidad de profundizar la articulaci\u00f3n entre provincias, Naci\u00f3n, empresas, proveedores, trabajadores y comunidades para convertir los recursos minerales en desarrollo sostenido. \u201cLa naturaleza nos dio los recursos. Convertirlos en desarrollo, multiplicar sus oportunidades y hacer que sus beneficios perduren depender\u00e1 de lo que seamos capaces de construir juntos\u201d, afirm\u00f3.<\/p>\n<p>Por su parte, Thiem se\u00f1al\u00f3 que la pol\u00edtica minera nacional apunta a recuperar previsibilidad y competitividad para atraer inversiones de largo plazo. En ese marco, destac\u00f3 al R\u00e9gimen de Incentivo para Grandes Inversiones (RIGI) como una de las herramientas centrales para movilizar nuevos proyectos.<\/p>\n<p>El funcionario nacional indic\u00f3 que actualmente existen 12 proyectos mineros aprobados por alrededor de USD 22.000 millones y se\u00f1al\u00f3 que, al incorporar las iniciativas en tr\u00e1mite, el volumen potencial de inversi\u00f3n podr\u00eda alcanzar los USD 50.000 millones.<\/p>\n<p>Atraer inversiones requiere m\u00e1s que contar con recursos minerales; requiere reglas claras, previsibilidad y un marco institucional que permita proyectarlas en el largo plazo\u201d, sostuvo, y plante\u00f3 como pr\u00f3ximo objetivo trasladar el impulso alcanzado por el litio hacia el desarrollo de la industria del cobre.<\/p>\n<p>Tras las exposiciones se realiz\u00f3 el tradicional corte de cintas que dej\u00f3 oficialmente inaugurada la convenci\u00f3n. Participaron tambi\u00e9n la vicegobernadora de la provincia de Mendoza, Hebe Casado; Ricardo Villada, de la Coordinaci\u00f3n de Relaciones Pol\u00edticas y Planificaci\u00f3n Estrat\u00e9gica de la Gobernaci\u00f3n de Salta; el ministro de Seguridad, Nicol\u00e1s Avellaneda; el presidente de Recursos Energ\u00e9ticos y Mineros de Salta (REMSA), Javier Montero; el secretario de Miner\u00eda de la Provincia, Gustavo Carrizo y dem\u00e1s autoridades provinciales y nacionales; representantes de las c\u00e1maras empresarias y referentes del sector.<\/p>\n<p>Posteriormente se realiz\u00f3 la apertura oficial del stand del Gobierno de Salta, espacio institucional desde el cual la Provincia presenta durante las tres jornadas sus pol\u00edticas, proyectos y oportunidades vinculadas al desarrollo minero.<br \/>\nArgentina Mining Norte celebra su XIX edici\u00f3n y re\u00fane durante tres d\u00edas a empresas mineras, proveedores de bienes y servicios, inversores, profesionales, organismos p\u00fablicos, instituciones acad\u00e9micas y representantes de distintas provincias.<\/p>\n<p>La programaci\u00f3n oficial contempla 89 disertantes y 68 conferencias, adem\u00e1s de una amplia exposici\u00f3n comercial con stands de empresas, instituciones y proveedores vinculados a toda la cadena de valor minera.<br \/>\nDurante la primera jornada, la agenda puso el foco en la operaci\u00f3n en sitios remotos, salud ocupacional, financiamiento, servicios e infraestructura para la miner\u00eda y en proyectos estrat\u00e9gicos como Taca Taca, uno de los principales desarrollos de cobre proyectados en Salta. Tambi\u00e9n se abordar\u00e1n nuevas oportunidades de exploraci\u00f3n en uranio, vanadio y tierras raras.<\/p>\n<p>Este jueves continuar\u00e1 la programaci\u00f3n con nuevos bloques vinculados a exploraci\u00f3n, proyectos y desarrollo econ\u00f3mico. Entre los temas previstos se encuentran la actualizaci\u00f3n del programa de exploraci\u00f3n del proyecto El Quevar, en la Puna salte\u00f1a, y el impacto de la miner\u00eda en el desarrollo econ\u00f3mico del Noroeste Argentino, junto con exposiciones sobre cadena de valor, financiamiento, innovaci\u00f3n y desarrollo territorial.<\/p>\n<p>La realizaci\u00f3n de Argentina Mining Norte representa una nueva oportunidad para fortalecer el posicionamiento de Salta como provincia minera, generar v\u00ednculos entre los distintos actores de la industria y ampliar las oportunidades para inversiones, empleo y proveedores locales.<\/p>\n<p>Fuente: Prensa Gobierno de Salta <\/p>\n","protected":false},"excerpt":{"rendered":"<p>Con una importante concurrencia de representantes de la industria minera, qued\u00f3 inaugurada este mi\u00e9rcoles Argentina Mining Norte 2026, uno de los principales encuentros del sector en el pa\u00eds, que se desarrollar\u00e1 hasta ma\u00f1ana viernes 4 de septiembre en el Centro de Convenciones de Salta. El acto de apertura estuvo encabezado por el ministro de Producci\u00f3n [&hellip;]<\/p>\n","protected":false},"author":8,"featured_media":19794,"comment_status":"open","ping_status":"closed","sticky":false,"template":"","format":"standard","meta":[],"categories":[105],"tags":[],"_links":{"self":[{"href":"https:\/\/fm22.com.ar\/index.php\/wp-json\/wp\/v2\/posts\/19783"}],"collection":[{"href":"https:\/\/fm22.com.ar\/index.php\/wp-json\/wp\/v2\/posts"}],"about":[{"href":"https:\/\/fm22.com.ar\/index.php\/wp-json\/wp\/v2\/types\/post"}],"author":[{"embeddable":true,"href":"https:\/\/fm22.com.ar\/index.php\/wp-json\/wp\/v2\/users\/8"}],"replies":[{"embeddable":true,"href":"https:\/\/fm22.com.ar\/index.php\/wp-json\/wp\/v2\/comments?post=19783"}],"version-history":[{"count":1,"href":"https:\/\/fm22.com.ar\/index.php\/wp-json\/wp\/v2\/posts\/19783\/revisions"}],"predecessor-version":[{"id":19784,"href":"https:\/\/fm22.com.ar\/index.php\/wp-json\/wp\/v2\/posts\/19783\/revisions\/19784"}],"wp:featuredmedia":[{"embeddable":true,"href":"https:\/\/fm22.com.ar\/index.php\/wp-json\/wp\/v2\/media\/19794"}],"wp:attachment":[{"href":"https:\/\/fm22.com.ar\/index.php\/wp-json\/wp\/v2\/media?parent=19783"}],"wp:term":[{"taxonomy":"category","embeddable":true,"href":"https:\/\/fm22.com.ar\/index.php\/wp-json\/wp\/v2\/categories?post=19783"},{"taxonomy":"post_tag","embeddable":true,"href":"https:\/\/fm22.com.ar\/index.php\/wp-json\/wp\/v2\/tags?post=19783"}],"curies":[{"name":"wp","href":"https:\/\/api.w.org\/{rel}","templated":true}]}}