{"id":19781,"date":"2026-09-03T09:25:30","date_gmt":"2026-09-03T12:25:30","guid":{"rendered":"https:\/\/fm22.com.ar\/?p=19781"},"modified":"2026-09-03T09:57:11","modified_gmt":"2026-09-03T12:57:11","slug":"saenz-fortalece-a-la-policia-de-salta-con-151-nuevos-moviles-y-300-agentes","status":"publish","type":"post","link":"https:\/\/fm22.com.ar\/index.php\/2026\/09\/03\/saenz-fortalece-a-la-policia-de-salta-con-151-nuevos-moviles-y-300-agentes\/","title":{"rendered":"S\u00e1enz fortalece a la Polic\u00eda de Salta con 151 nuevos m\u00f3viles y 300 agentes"},"content":{"rendered":"<p>Estamos cumpliendo una vez m\u00e1s, la premisa de nuestra gesti\u00f3n: lo importante no son las palabras sino los hechos\u201d. As\u00ed lo se\u00f1al\u00f3 el gobernador Gustavo S\u00e1enz al encabezar la entrega de 121 motocicletas y 30 cuatriciclos para fortalecer el trabajo operativo y preventivo de la Polic\u00eda de Salta. Adem\u00e1s, formaliz\u00f3 la incorporaci\u00f3n de 300 agentes que ingresaron formalmente a la fuerza el 1 de septiembre y ser\u00e1n distribuidos en los 14 Distritos de Prevenci\u00f3n de la provincia.<\/p>\n<p>Esta es la cuarta entrega de veh\u00edculos del a\u00f1o a la Polic\u00eda de Salta, porque \u201cdesde que asumimos como gobierno siempre dijimos que la seguridad era pol\u00edtica de Estado; lo que la gente reclamaba y reclama: mayor seguridad, tranquilidad, paz y armon\u00eda en cada uno de sus hogares y en las calles\u201d.<br \/>\nIndic\u00f3 que, a partir de esta decisi\u00f3n, \u201cy m\u00e1s en momentos dif\u00edciles donde los recursos no alcanzan, hay que priorizar lo importante: la seguridad no s\u00f3lo es una prioridad, sino tambi\u00e9n una necesidad, teniendo en claro que no es un gasto sino una inversi\u00f3n\u201d.<\/p>\n<p>En este sentido, el gobernador record\u00f3 que las acciones de su gobierno impulsaron pol\u00edticas \u201cque ha transformado la cantidad de veh\u00edculos incorporados a la Polic\u00eda, porque cuando asumimos la flota de la Polic\u00eda estaba completamente destruida, obsoleta, vieja y en muchos casos sin funcionar. Con orgullo podemos decir que nuestra gesti\u00f3n ha renovado casi el 90% de la flota\u201d.<\/p>\n<p>Con relaci\u00f3n a los 300 agentes que se est\u00e1n incorporando a la fuerza, S\u00e1enz les expres\u00f3 su reconocimiento, \u201cser\u00e1n custodios de la seguridad de lo que m\u00e1s queremos: nuestra gente, nuestro pueblo\u201d.<\/p>\n<p>Asimismo, reiter\u00f3 su confianza en la labor diaria de cada integrante de la fuerza y la hizo extensiva a toda la familia policial \u201cque siempre ha acompa\u00f1ado en los momentos m\u00e1s dif\u00edciles\u201d.<br \/>\nPor \u00faltimo, reiter\u00f3 que todo su equipo de Gobierno est\u00e1 instruido para sostener la presencia en toda la provincia en contacto permanente con la comunidad: \u201cEn este caso, es lo que estamos haciendo m\u00e1s recursos para mayor cercan\u00eda, m\u00e1s tranquilidad, prevenir los delitos y por sobre todas las cosas escuchar a todos y cada uno de los vecinos en distintos lugares. Porque cuando hablo de federalismo a nivel nacional, lo practico en mi provincia\u201d.<\/p>\n<p>Al finalizar, el Gobernador ratific\u00f3 que lo importante es Salta y los salte\u00f1os, por lo que \u201caquellos que no est\u00e1n en la provincia, que est\u00e1n en La Rioja y en Buenos Aires, mientras nosotros estamos ac\u00e1 todos los d\u00edas al lado de la gente, no nos digan c\u00f3mo construir la pol\u00edtica. Nosotros estamos construyendo Salta para el futuro de cada uno de los salte\u00f1os; no hablamos de pol\u00edtica ni de elecciones, sino de una Salta que crece con fuerza, con seguridad, para las generaciones que vienen\u201d.<\/p>\n<p>Por su parte, el ministro de Seguridad Nicol\u00e1s Avellaneda destac\u00f3 el esfuerzo del Gobierno provincial para potenciar la presencia policial y mejorar los tiempos de respuesta. \u201cDesde el inicio de la gesti\u00f3n nos propusimos incrementar de manera sostenida todas las estrategias preventivas que acerquen a la comunidad con la instituci\u00f3n policial. Hoy estamos fortaleciendo con recursos humanos y equipamiento uno de los pilares esenciales de toda sociedad, que es la seguridad\u201d, afirm\u00f3.<\/p>\n<p>Asimismo, remarc\u00f3 que la seguridad se construye entre todos y valor\u00f3 el aporte de los vecinos en el dise\u00f1o de las pol\u00edticas p\u00fablicas. \u201cEstamos generando acciones para fortalecer los lazos comunitarios, recuperar la confianza en las instituciones y convocar a la sociedad a involucrarse activamente. La prevenci\u00f3n y la operatividad con mayor presencia en las calles ser\u00e1n los ejes de esta nueva etapa\u201d.<\/p>\n<p>Fuente: Prensa Gobierno de Salta <\/p>\n","protected":false},"excerpt":{"rendered":"<p>Estamos cumpliendo una vez m\u00e1s, la premisa de nuestra gesti\u00f3n: lo importante no son las palabras sino los hechos\u201d. As\u00ed lo se\u00f1al\u00f3 el gobernador Gustavo S\u00e1enz al encabezar la entrega de 121 motocicletas y 30 cuatriciclos para fortalecer el trabajo operativo y preventivo de la Polic\u00eda de Salta. Adem\u00e1s, formaliz\u00f3 la incorporaci\u00f3n de 300 agentes [&hellip;]<\/p>\n","protected":false},"author":8,"featured_media":19793,"comment_status":"open","ping_status":"closed","sticky":false,"template":"","format":"standard","meta":[],"categories":[21],"tags":[],"_links":{"self":[{"href":"https:\/\/fm22.com.ar\/index.php\/wp-json\/wp\/v2\/posts\/19781"}],"collection":[{"href":"https:\/\/fm22.com.ar\/index.php\/wp-json\/wp\/v2\/posts"}],"about":[{"href":"https:\/\/fm22.com.ar\/index.php\/wp-json\/wp\/v2\/types\/post"}],"author":[{"embeddable":true,"href":"https:\/\/fm22.com.ar\/index.php\/wp-json\/wp\/v2\/users\/8"}],"replies":[{"embeddable":true,"href":"https:\/\/fm22.com.ar\/index.php\/wp-json\/wp\/v2\/comments?post=19781"}],"version-history":[{"count":1,"href":"https:\/\/fm22.com.ar\/index.php\/wp-json\/wp\/v2\/posts\/19781\/revisions"}],"predecessor-version":[{"id":19782,"href":"https:\/\/fm22.com.ar\/index.php\/wp-json\/wp\/v2\/posts\/19781\/revisions\/19782"}],"wp:featuredmedia":[{"embeddable":true,"href":"https:\/\/fm22.com.ar\/index.php\/wp-json\/wp\/v2\/media\/19793"}],"wp:attachment":[{"href":"https:\/\/fm22.com.ar\/index.php\/wp-json\/wp\/v2\/media?parent=19781"}],"wp:term":[{"taxonomy":"category","embeddable":true,"href":"https:\/\/fm22.com.ar\/index.php\/wp-json\/wp\/v2\/categories?post=19781"},{"taxonomy":"post_tag","embeddable":true,"href":"https:\/\/fm22.com.ar\/index.php\/wp-json\/wp\/v2\/tags?post=19781"}],"curies":[{"name":"wp","href":"https:\/\/api.w.org\/{rel}","templated":true}]}}