{"id":19768,"date":"2026-08-30T13:08:10","date_gmt":"2026-08-30T16:08:10","guid":{"rendered":"https:\/\/fm22.com.ar\/?p=19768"},"modified":"2026-08-30T13:30:44","modified_gmt":"2026-08-30T16:30:44","slug":"potencia-salta-2026-se-encuentra-disponible-el-listado-de-emprendedores-seleccionados","status":"publish","type":"post","link":"https:\/\/fm22.com.ar\/index.php\/2026\/08\/30\/potencia-salta-2026-se-encuentra-disponible-el-listado-de-emprendedores-seleccionados\/","title":{"rendered":"Potencia Salta 2026: se encuentra disponible el listado de emprendedores seleccionados"},"content":{"rendered":"<p>Desde el Ministerio de Gobierno y Justicia se informa que ya se encuentra publicado el listado de emprendedores seleccionados para participar de Potencia Salta 2026, la feria de emprendedores que se desarrollar\u00e1 los d\u00edas 11, 12 y 13 de septiembre en el Centro de Convenciones de la ciudad de Salta.<\/p>\n<p>Quienes realizaron la preinscripci\u00f3n podr\u00e1n consultar si fueron seleccionados a trav\u00e9s del sitio web oficial de Potencia Salta, donde tambi\u00e9n encontrar\u00e1n informaci\u00f3n vinculada con su participaci\u00f3n.https:\/\/potencia.salta.gob.ar\/capital-2026\/<\/p>\n<p>Esta nueva edici\u00f3n reunir\u00e1 a alrededor de mil emprendedores de distintos puntos de la provincia, distribuidos en los diferentes sectores de la feria. Habr\u00e1 propuestas gastron\u00f3micas, food trucks, Beer Garden, espect\u00e1culos en vivo y un sector infantil pensado para los m\u00e1s chicos. Como en sus anteriores ediciones, Potencia ser\u00e1 pet friendly, por lo que las familias podr\u00e1n recorrer el predio junto a sus mascotas.<\/p>\n<p>Desde su lanzamiento en 2022, Potencia se consolid\u00f3 como una de las principales ferias de emprendedores de la regi\u00f3n. A trav\u00e9s de sus distintas ediciones en Salta Capital y el interior provincial, se convirti\u00f3 en un espacio para la exposici\u00f3n y comercializaci\u00f3n de productos, generando nuevas oportunidades para emprendedores salte\u00f1os.<\/p>\n<p>Durante el per\u00edodo de preinscripci\u00f3n se brind\u00f3 informaci\u00f3n sobre los plazos, criterios de selecci\u00f3n y condiciones generales de participaci\u00f3n. Una vez finalizado, se llev\u00f3 adelante el proceso de evaluaci\u00f3n y validaci\u00f3n de los emprendimientos y de la documentaci\u00f3n presentada, a fin de conformar el listado de seleccionados.<\/p>\n<p>La iniciativa es organizada conjuntamente por Livingroom y el Ministerio de Gobierno y Justicia, con el objetivo de acompa\u00f1ar al sector emprendedor, generar espacios de comercializaci\u00f3n y fortalecer el desarrollo de proyectos locales.<\/p>\n<p>Fuente: Prensa Gobierno de Salta <\/p>\n","protected":false},"excerpt":{"rendered":"<p>Desde el Ministerio de Gobierno y Justicia se informa que ya se encuentra publicado el listado de emprendedores seleccionados para participar de Potencia Salta 2026, la feria de emprendedores que se desarrollar\u00e1 los d\u00edas 11, 12 y 13 de septiembre en el Centro de Convenciones de la ciudad de Salta. Quienes realizaron la preinscripci\u00f3n podr\u00e1n [&hellip;]<\/p>\n","protected":false},"author":8,"featured_media":19780,"comment_status":"open","ping_status":"closed","sticky":false,"template":"","format":"standard","meta":[],"categories":[105],"tags":[],"_links":{"self":[{"href":"https:\/\/fm22.com.ar\/index.php\/wp-json\/wp\/v2\/posts\/19768"}],"collection":[{"href":"https:\/\/fm22.com.ar\/index.php\/wp-json\/wp\/v2\/posts"}],"about":[{"href":"https:\/\/fm22.com.ar\/index.php\/wp-json\/wp\/v2\/types\/post"}],"author":[{"embeddable":true,"href":"https:\/\/fm22.com.ar\/index.php\/wp-json\/wp\/v2\/users\/8"}],"replies":[{"embeddable":true,"href":"https:\/\/fm22.com.ar\/index.php\/wp-json\/wp\/v2\/comments?post=19768"}],"version-history":[{"count":1,"href":"https:\/\/fm22.com.ar\/index.php\/wp-json\/wp\/v2\/posts\/19768\/revisions"}],"predecessor-version":[{"id":19769,"href":"https:\/\/fm22.com.ar\/index.php\/wp-json\/wp\/v2\/posts\/19768\/revisions\/19769"}],"wp:featuredmedia":[{"embeddable":true,"href":"https:\/\/fm22.com.ar\/index.php\/wp-json\/wp\/v2\/media\/19780"}],"wp:attachment":[{"href":"https:\/\/fm22.com.ar\/index.php\/wp-json\/wp\/v2\/media?parent=19768"}],"wp:term":[{"taxonomy":"category","embeddable":true,"href":"https:\/\/fm22.com.ar\/index.php\/wp-json\/wp\/v2\/categories?post=19768"},{"taxonomy":"post_tag","embeddable":true,"href":"https:\/\/fm22.com.ar\/index.php\/wp-json\/wp\/v2\/tags?post=19768"}],"curies":[{"name":"wp","href":"https:\/\/api.w.org\/{rel}","templated":true}]}}