{"id":19762,"date":"2026-08-30T12:51:15","date_gmt":"2026-08-30T15:51:15","guid":{"rendered":"https:\/\/fm22.com.ar\/?p=19762"},"modified":"2026-08-30T13:27:39","modified_gmt":"2026-08-30T16:27:39","slug":"el-carril-coronel-moldes-la-vina-y-guachipas-lanzan-un-circuito-gastronomico-local","status":"publish","type":"post","link":"https:\/\/fm22.com.ar\/index.php\/2026\/08\/30\/el-carril-coronel-moldes-la-vina-y-guachipas-lanzan-un-circuito-gastronomico-local\/","title":{"rendered":"El Carril, Coronel Moldes, La Vi\u00f1a, y Guachipas lanzan un circuito gastron\u00f3mico local"},"content":{"rendered":"<p>El Carril, Coronel Moldes, La Vi\u00f1a, y Guachipas presentaron, junto al Ministerio de Turismo y Deportes, \u201cEl Desaf\u00edo de la Cocina Regional\u201d, un certamen donde 32 equipos de cocineros celebrar\u00e1n la gastronom\u00eda local.<\/p>\n<p>A trav\u00e9s de jornadas mensuales, se celebrar\u00e1n torneos, degustaciones, ferias artesanales, y espect\u00e1culos en vivo. El cronograma abrir\u00e1 el 6 de septiembre en El Carril, de 11 a 20 horas, pasar\u00e1 en octubre al Complejo Municipal de La Vi\u00f1a, en noviembre a Guachipas, y culminar\u00e1 en diciembre en la Vieja Estaci\u00f3n de Trenes de Coronel Moldes.<\/p>\n<p>El acto de apertura estuvo encabezado por el subsecretario de Desarrollo Tur\u00edstico, Alejandro Romero, quien remarc\u00f3 el valor de la cocina para revalorizar la identidad de cada pueblo. Lo acompa\u00f1aron los intendentes Efra\u00edn Orozco, Omar Carrasco y Diego Ontiveros, junto a los referentes de Turismo, Sonia D\u00edaz, Eduardo Muratore, Paola Avenda\u00f1o, y Vanesa \u00c1lvarez.<\/p>\n<p>Fuente: Prensa Gobierno de Salta <\/p>\n","protected":false},"excerpt":{"rendered":"<p>El Carril, Coronel Moldes, La Vi\u00f1a, y Guachipas presentaron, junto al Ministerio de Turismo y Deportes, \u201cEl Desaf\u00edo de la Cocina Regional\u201d, un certamen donde 32 equipos de cocineros celebrar\u00e1n la gastronom\u00eda local. A trav\u00e9s de jornadas mensuales, se celebrar\u00e1n torneos, degustaciones, ferias artesanales, y espect\u00e1culos en vivo. El cronograma abrir\u00e1 el 6 de septiembre [&hellip;]<\/p>\n","protected":false},"author":8,"featured_media":19777,"comment_status":"open","ping_status":"closed","sticky":false,"template":"","format":"standard","meta":[],"categories":[105],"tags":[],"_links":{"self":[{"href":"https:\/\/fm22.com.ar\/index.php\/wp-json\/wp\/v2\/posts\/19762"}],"collection":[{"href":"https:\/\/fm22.com.ar\/index.php\/wp-json\/wp\/v2\/posts"}],"about":[{"href":"https:\/\/fm22.com.ar\/index.php\/wp-json\/wp\/v2\/types\/post"}],"author":[{"embeddable":true,"href":"https:\/\/fm22.com.ar\/index.php\/wp-json\/wp\/v2\/users\/8"}],"replies":[{"embeddable":true,"href":"https:\/\/fm22.com.ar\/index.php\/wp-json\/wp\/v2\/comments?post=19762"}],"version-history":[{"count":1,"href":"https:\/\/fm22.com.ar\/index.php\/wp-json\/wp\/v2\/posts\/19762\/revisions"}],"predecessor-version":[{"id":19763,"href":"https:\/\/fm22.com.ar\/index.php\/wp-json\/wp\/v2\/posts\/19762\/revisions\/19763"}],"wp:featuredmedia":[{"embeddable":true,"href":"https:\/\/fm22.com.ar\/index.php\/wp-json\/wp\/v2\/media\/19777"}],"wp:attachment":[{"href":"https:\/\/fm22.com.ar\/index.php\/wp-json\/wp\/v2\/media?parent=19762"}],"wp:term":[{"taxonomy":"category","embeddable":true,"href":"https:\/\/fm22.com.ar\/index.php\/wp-json\/wp\/v2\/categories?post=19762"},{"taxonomy":"post_tag","embeddable":true,"href":"https:\/\/fm22.com.ar\/index.php\/wp-json\/wp\/v2\/tags?post=19762"}],"curies":[{"name":"wp","href":"https:\/\/api.w.org\/{rel}","templated":true}]}}