{"id":19181,"date":"2026-05-01T14:32:10","date_gmt":"2026-05-01T17:32:10","guid":{"rendered":"https:\/\/fm22.com.ar\/?p=19181"},"modified":"2026-05-01T14:32:10","modified_gmt":"2026-05-01T17:32:10","slug":"en-mayo-llega-fuera-de-campo-al-ciclo-de-cine-los-martes","status":"publish","type":"post","link":"https:\/\/fm22.com.ar\/index.php\/2026\/05\/01\/en-mayo-llega-fuera-de-campo-al-ciclo-de-cine-los-martes\/","title":{"rendered":"En mayo llega Fuera de Campo al ciclo de cine Los Martes"},"content":{"rendered":"<p>La programaci\u00f3n de mayo del ciclo de Cine Los Martes estar\u00e1 a cargo de Fuera de Campo, una iniciativa de cineastas, cr\u00edticos y productores independientes de todo el pa\u00eds, en defensa del cine argentino.  En Salta, las directoras Daniela Seggiaro y Laura Basombr\u00edo, y el director y Franco Menacho, son los encargados de programar las funciones que incluir\u00e1n 12 pel\u00edculas, la mayor\u00eda en estreno absoluto para nuestra provincia.<\/p>\n<p>Adem\u00e1s, antes de las pel\u00edculas, se proyectar\u00e1n spots hechos especialmente para Fuera de Campo por diez realizadores salte\u00f1os: Franco Menacho, Constanza Epifanio, Tadeo Pesta\u00f1a Caro, Jos\u00e9 Mar\u00eda Martinelli, Rodrigo Moscoso, Daniela Seggiaro, Laura Basombr\u00edo, Carolina Grillo, Andrea Urquiola y Alejandro Gallo Berm\u00fadez.<\/p>\n<p>Como siempre, las proyecciones se realizar\u00e1n todos los martes de mayo en el Auditorio de la Usina Cultural. Las entradas tienen un valor de $4.950 y se pueden adquirir en www.vamos.gob.ar , y en ventanilla el d\u00eda de la funci\u00f3n. Hay descuentos para jubilados presentando documentaci\u00f3n.<\/p>\n<p>Sobre Fuera de Campo<\/p>\n<p>Fuera de Campo es una acci\u00f3n de realizadores cinematogr\u00e1ficos argentinos iniciada en 2024 en Mar del Plata, que tiene como objetivo pelear por mejoras en las pol\u00edticas para el sector.<br \/>\nDicen sus programadores en Salta:<\/p>\n<p>\u201cFuera de Campo es todo lo que est\u00e1 m\u00e1s all\u00e1 de los l\u00edmites del encuadre. Sonidos, miradas, luces, cuerpos, tiempo y espacio que exceden toda pantalla y que expanden nuestros propios l\u00edmites hacia alg\u00fan infinito. Creemos que es esa la potencia del cine y su capacidad de inventar futuros como nos alienta nuestra gran Lucrecia Martel.<\/p>\n<p>Como cineastas locales, invitamos a toda la comunidad a Fuera de Campo Salta, con una selecci\u00f3n de doce pel\u00edculas de todo el territorio nacional. Con esta muestra en Salta, nos hacemos eco de esta acci\u00f3n pol\u00edtica que propicia el encuentro entre las pel\u00edculas nacionales, el sector audiovisual, los artistas, el p\u00fablico y los reclamos en defensa de nuestra cultura y territorio\u201d.<\/p>\n<p>Programaci\u00f3n FUERA DE CAMPO para LOS MARTES \/ Mayo 2026<\/p>\n<p>&#8211;          Martes 5<br \/>\n19 hs: \u201cEl Pr\u00edncipe de Nanawa\u201d de Clarisa Navas (210\u2019)<\/p>\n<p>&#8211;          Martes 12<\/p>\n<p>19 hs:<br \/>\n\u201cTodo era mam\u00e1\u201d de Lucila Podest\u00e1 (28\u2019)<br \/>\n\u201cLas Descendientes\u201d de Julieta Sans (60\u2019)<br \/>\n21 hs:<\/p>\n<p>\u201cLa noche est\u00e1 march\u00e1ndose ya\u201d de Ramiro Sonzini y Ezequiel Salinas (104\u2019)<\/p>\n<p>Martes 19<br \/>\n19 hs:<br \/>\nSelecci\u00f3n de cortos<br \/>\n\u201cSiempre es de noche\u201d de Luis Ortega (39\u2019)<br \/>\n\u201cBiyuya\u201d de Juan Ferrero (25\u2019)<br \/>\n\u201cNo quiero ver el Sol, quiero ver el Sol\u201d de Constanza Epifanio (17\u2019)<br \/>\n\u201cInsomnio Dom\u00e9stico\u201d de Ver\u00f3nica Balduzzi (10\u2019)<\/p>\n<p>21h hs:<\/p>\n<p>\u201cDiciembre\u201d de Lucas Gallo (105\u2019)<\/p>\n<p>&#8211;          Martes 26<\/p>\n<p>19 hs:<br \/>\n\u201cLa tierra plana\u201d de Claudio Caldini (14\u2019)<br \/>\n\u201cDice que\u2026\u201d, de Alejandro Moujan (63\u2019)<br \/>\n21 hs:<br \/>\n\u201cHijo Mayor\u201d de Cecilia Kang (118\u2019).<\/p>\n<p>Fuente: Prensa Cultura Salta <\/p>\n","protected":false},"excerpt":{"rendered":"<p>La programaci\u00f3n de mayo del ciclo de Cine Los Martes estar\u00e1 a cargo de Fuera de Campo, una iniciativa de cineastas, cr\u00edticos y productores independientes de todo el pa\u00eds, en defensa del cine argentino. En Salta, las directoras Daniela Seggiaro y Laura Basombr\u00edo, y el director y Franco Menacho, son los encargados de programar las [&hellip;]<\/p>\n","protected":false},"author":8,"featured_media":0,"comment_status":"open","ping_status":"closed","sticky":false,"template":"","format":"standard","meta":[],"categories":[8],"tags":[],"_links":{"self":[{"href":"https:\/\/fm22.com.ar\/index.php\/wp-json\/wp\/v2\/posts\/19181"}],"collection":[{"href":"https:\/\/fm22.com.ar\/index.php\/wp-json\/wp\/v2\/posts"}],"about":[{"href":"https:\/\/fm22.com.ar\/index.php\/wp-json\/wp\/v2\/types\/post"}],"author":[{"embeddable":true,"href":"https:\/\/fm22.com.ar\/index.php\/wp-json\/wp\/v2\/users\/8"}],"replies":[{"embeddable":true,"href":"https:\/\/fm22.com.ar\/index.php\/wp-json\/wp\/v2\/comments?post=19181"}],"version-history":[{"count":1,"href":"https:\/\/fm22.com.ar\/index.php\/wp-json\/wp\/v2\/posts\/19181\/revisions"}],"predecessor-version":[{"id":19182,"href":"https:\/\/fm22.com.ar\/index.php\/wp-json\/wp\/v2\/posts\/19181\/revisions\/19182"}],"wp:attachment":[{"href":"https:\/\/fm22.com.ar\/index.php\/wp-json\/wp\/v2\/media?parent=19181"}],"wp:term":[{"taxonomy":"category","embeddable":true,"href":"https:\/\/fm22.com.ar\/index.php\/wp-json\/wp\/v2\/categories?post=19181"},{"taxonomy":"post_tag","embeddable":true,"href":"https:\/\/fm22.com.ar\/index.php\/wp-json\/wp\/v2\/tags?post=19181"}],"curies":[{"name":"wp","href":"https:\/\/api.w.org\/{rel}","templated":true}]}}