{"id":19179,"date":"2026-05-01T14:27:57","date_gmt":"2026-05-01T17:27:57","guid":{"rendered":"https:\/\/fm22.com.ar\/?p=19179"},"modified":"2026-05-01T14:27:57","modified_gmt":"2026-05-01T17:27:57","slug":"destino-potencia-estan-abiertas-las-preinscripciones-para-emprendedores-de-toda-la-provincia","status":"publish","type":"post","link":"https:\/\/fm22.com.ar\/index.php\/2026\/05\/01\/destino-potencia-estan-abiertas-las-preinscripciones-para-emprendedores-de-toda-la-provincia\/","title":{"rendered":"Destino Potencia: est\u00e1n abiertas las preinscripciones para emprendedores de toda la provincia"},"content":{"rendered":"<p>La feria Destino Potencia tendr\u00e1 una nueva edici\u00f3n en el interior provincial. En esta cuarta edici\u00f3n, el evento se realizar\u00e1 en el sur de la provincia, en la ciudad de San Jos\u00e9 de Met\u00e1n.<\/p>\n<p>La actividad se desarrollar\u00e1 los d\u00edas 12, 13 y 14 de junio en el predio Granadero D\u00edaz, y prev\u00e9 reunir a 150 emprendedores salte\u00f1os en una propuesta de car\u00e1cter federal, orientada a descentralizar las oportunidades de comercializaci\u00f3n y promover el crecimiento del sector.<\/p>\n<p>Al respecto, el ministro de Gobierno y Justicia, Ignacio Jars\u00fan, destac\u00f3 la importancia de llevar esta iniciativa al interior y sostuvo que \u201cestamos convencidos de que el talento no tiene fronteras dentro de nuestra Salta. Con Destino Potencia Met\u00e1n, reafirmamos nuestro compromiso de ser un gobierno federal, llevando herramientas reales de visibilizaci\u00f3n y ventas a nuestros emprendedores. Queremos que los 150 seleccionados sientan el respaldo de un Estado que potencia su esfuerzo y genera espacios genuinos de crecimiento\u201d.<\/p>\n<p>Los interesados en formar parte de esta edici\u00f3n podr\u00e1n postularse a trav\u00e9s del siguiente link: https:\/\/potencia.salta.gob.ar\/metan\/. <\/p>\n<p>El proceso de selecci\u00f3n tendr\u00e1 en cuenta la calidad, innovaci\u00f3n y origen de los productos, buscando garantizar una representaci\u00f3n diversa de rubros como artesan\u00edas, gastronom\u00eda regional, textiles y servicios. Tambi\u00e9n podr\u00e1n participar emprendedores, foodtrucks, empresas y productos artesanales o a estrenar.<\/p>\n<p>Una vez enviados los datos y la documentaci\u00f3n solicitada, cada postulaci\u00f3n ser\u00e1 evaluada individualmente para verificar el cumplimiento de los requisitos. Los emprendedores seleccionados recibir\u00e1n un correo electr\u00f3nico de confirmaci\u00f3n y ser\u00e1n convocados a reuniones virtuales informativas sobre la log\u00edstica y la organizaci\u00f3n del evento.<\/p>\n<p>Fuente: Prensa Gobierno de Salta <\/p>\n","protected":false},"excerpt":{"rendered":"<p>La feria Destino Potencia tendr\u00e1 una nueva edici\u00f3n en el interior provincial. En esta cuarta edici\u00f3n, el evento se realizar\u00e1 en el sur de la provincia, en la ciudad de San Jos\u00e9 de Met\u00e1n. La actividad se desarrollar\u00e1 los d\u00edas 12, 13 y 14 de junio en el predio Granadero D\u00edaz, y prev\u00e9 reunir a [&hellip;]<\/p>\n","protected":false},"author":8,"featured_media":0,"comment_status":"open","ping_status":"closed","sticky":false,"template":"","format":"standard","meta":[],"categories":[105],"tags":[],"_links":{"self":[{"href":"https:\/\/fm22.com.ar\/index.php\/wp-json\/wp\/v2\/posts\/19179"}],"collection":[{"href":"https:\/\/fm22.com.ar\/index.php\/wp-json\/wp\/v2\/posts"}],"about":[{"href":"https:\/\/fm22.com.ar\/index.php\/wp-json\/wp\/v2\/types\/post"}],"author":[{"embeddable":true,"href":"https:\/\/fm22.com.ar\/index.php\/wp-json\/wp\/v2\/users\/8"}],"replies":[{"embeddable":true,"href":"https:\/\/fm22.com.ar\/index.php\/wp-json\/wp\/v2\/comments?post=19179"}],"version-history":[{"count":1,"href":"https:\/\/fm22.com.ar\/index.php\/wp-json\/wp\/v2\/posts\/19179\/revisions"}],"predecessor-version":[{"id":19180,"href":"https:\/\/fm22.com.ar\/index.php\/wp-json\/wp\/v2\/posts\/19179\/revisions\/19180"}],"wp:attachment":[{"href":"https:\/\/fm22.com.ar\/index.php\/wp-json\/wp\/v2\/media?parent=19179"}],"wp:term":[{"taxonomy":"category","embeddable":true,"href":"https:\/\/fm22.com.ar\/index.php\/wp-json\/wp\/v2\/categories?post=19179"},{"taxonomy":"post_tag","embeddable":true,"href":"https:\/\/fm22.com.ar\/index.php\/wp-json\/wp\/v2\/tags?post=19179"}],"curies":[{"name":"wp","href":"https:\/\/api.w.org\/{rel}","templated":true}]}}