{"id":19170,"date":"2026-04-29T09:12:08","date_gmt":"2026-04-29T12:12:08","guid":{"rendered":"https:\/\/fm22.com.ar\/?p=19170"},"modified":"2026-04-29T09:12:08","modified_gmt":"2026-04-29T12:12:08","slug":"el-gobernador-saenz-inauguro-en-coronel-moldes-un-nuevo-playon-deportivo-que-integra-a-cuatro-barrios","status":"publish","type":"post","link":"https:\/\/fm22.com.ar\/index.php\/2026\/04\/29\/el-gobernador-saenz-inauguro-en-coronel-moldes-un-nuevo-playon-deportivo-que-integra-a-cuatro-barrios\/","title":{"rendered":"El gobernador S\u00e1enz inaugur\u00f3 en Coronel Moldes un nuevo play\u00f3n deportivo que integra a cuatro barrios"},"content":{"rendered":"<p>El gobernador Gustavo S\u00e1enz, junto al intendente de Coronel Moldes Omar Carrasco inaugur\u00f3 un play\u00f3n deportivo en la zona oeste de la localidad. Esta nueva infraestructura es el resultado de un convenio entre la Provincia y el municipio, enmarcado en el plan de fortalecimiento de espacios p\u00fablicos que el Gobierno provincial lleva adelante en todo el territorio salte\u00f1o.<\/p>\n<p>El nuevo espacio deportivo beneficia a las familias residentes en los barrios San Nicol\u00e1s, 66 Viviendas, Mart\u00edn Miguel de G\u00fcemes y El Milagro, entre otros sectores aleda\u00f1os.<\/p>\n<p>El intendente local detall\u00f3 que se trata de un espacio recuperado para el disfrute y la recreaci\u00f3n de la comunidad, por lo que el play\u00f3n ser\u00e1 utilizado para competencias deportivas y actividades escolares, complementando con otros complejos existentes. \u201cEstamos trabajando con la provincia en plazas, playones incentivando la actividad deportiva para todos los molde\u00f1os\u201d, destac\u00f3 el jefe comunal. <\/p>\n<p>En una segunda etapa se prev\u00e9 una cancha de handball, porque Moldes es campe\u00f3n en toda la provincia.<\/p>\n<p>El proyecto contempl\u00f3 la ejecuci\u00f3n de un multiespacio, apto para diversas disciplinas; sector de grupos sanitarios; cercado perimetral, iluminaci\u00f3n LED y accesos adecuados.<br \/>\nAcompa\u00f1aron la inauguraci\u00f3n el vicegobernador, Antonio Marocco, el secretario de Deportes, Ignacio Garc\u00eda Bes, la intendenta de La Vi\u00f1a, Elizabeth S\u00e1nchez, el senador provincial, Jorge Soto, entre otras autoridades provinciales y municipales.<\/p>\n<p>Fuente: Prensa Gobierno de Salta <\/p>\n","protected":false},"excerpt":{"rendered":"<p>El gobernador Gustavo S\u00e1enz, junto al intendente de Coronel Moldes Omar Carrasco inaugur\u00f3 un play\u00f3n deportivo en la zona oeste de la localidad. Esta nueva infraestructura es el resultado de un convenio entre la Provincia y el municipio, enmarcado en el plan de fortalecimiento de espacios p\u00fablicos que el Gobierno provincial lleva adelante en todo [&hellip;]<\/p>\n","protected":false},"author":8,"featured_media":0,"comment_status":"open","ping_status":"closed","sticky":false,"template":"","format":"standard","meta":[],"categories":[105],"tags":[],"_links":{"self":[{"href":"https:\/\/fm22.com.ar\/index.php\/wp-json\/wp\/v2\/posts\/19170"}],"collection":[{"href":"https:\/\/fm22.com.ar\/index.php\/wp-json\/wp\/v2\/posts"}],"about":[{"href":"https:\/\/fm22.com.ar\/index.php\/wp-json\/wp\/v2\/types\/post"}],"author":[{"embeddable":true,"href":"https:\/\/fm22.com.ar\/index.php\/wp-json\/wp\/v2\/users\/8"}],"replies":[{"embeddable":true,"href":"https:\/\/fm22.com.ar\/index.php\/wp-json\/wp\/v2\/comments?post=19170"}],"version-history":[{"count":1,"href":"https:\/\/fm22.com.ar\/index.php\/wp-json\/wp\/v2\/posts\/19170\/revisions"}],"predecessor-version":[{"id":19171,"href":"https:\/\/fm22.com.ar\/index.php\/wp-json\/wp\/v2\/posts\/19170\/revisions\/19171"}],"wp:attachment":[{"href":"https:\/\/fm22.com.ar\/index.php\/wp-json\/wp\/v2\/media?parent=19170"}],"wp:term":[{"taxonomy":"category","embeddable":true,"href":"https:\/\/fm22.com.ar\/index.php\/wp-json\/wp\/v2\/categories?post=19170"},{"taxonomy":"post_tag","embeddable":true,"href":"https:\/\/fm22.com.ar\/index.php\/wp-json\/wp\/v2\/tags?post=19170"}],"curies":[{"name":"wp","href":"https:\/\/api.w.org\/{rel}","templated":true}]}}