{"id":19163,"date":"2026-04-27T09:40:16","date_gmt":"2026-04-27T12:40:16","guid":{"rendered":"https:\/\/fm22.com.ar\/?p=19163"},"modified":"2026-04-27T09:52:03","modified_gmt":"2026-04-27T12:52:03","slug":"salta-sera-sede-de-la-6-edicion-federal-de-los-premios-chucaro","status":"publish","type":"post","link":"https:\/\/fm22.com.ar\/index.php\/2026\/04\/27\/salta-sera-sede-de-la-6-edicion-federal-de-los-premios-chucaro\/","title":{"rendered":"Salta ser\u00e1 sede de la 6\u00b0 Edici\u00f3n federal de los premios Ch\u00facaro"},"content":{"rendered":"<p>La provincia de Salta fue elegida como sede de la Gala de Premiaci\u00f3n de los Premios Ch\u00facaro, en el marco de su 6ta edici\u00f3n federal. La ceremonia tendr\u00e1 lugar el pr\u00f3ximo 30 de abril en la Usina Cultural a las 21, consolidando a la provincia en esta oportunidad, como el epicentro de la danza folkl\u00f3rica del pa\u00eds.<\/p>\n<p>La elecci\u00f3n de Salta como anfitriona no fue casual. Tras una minuciosa selecci\u00f3n entre diversas sedes nacionales, el comit\u00e9 organizador destac\u00f3 el alto nivel de profesionalizaci\u00f3n de la Danza Folkl\u00f3rica en la provincia. Este logro es fruto del desarrollo de producciones a cargo del Ballet Folkl\u00f3rico de la Provincia que a\u00f1o tras a\u00f1o, apuesta a una renovaci\u00f3n est\u00e9tica y al profesionalismo de su elenco y equipo de trabajo. Promoviendo el desarrollo profesional de un organismo dedicado a preservar y difundir nuestro patrimonio coreogr\u00e1fico.<br \/>\nDesde el Instituto de M\u00fasica y Danza, con el apoyo de la Secretar\u00eda de Cultura y el acompa\u00f1amiento constante del Gobierno provincial, se ha permitido que Salta se destaque en esta disciplina. En este contexto, el Ballet Folkl\u00f3rico de la Provincia \u201cGral. Mart\u00edn Miguel de G\u00fcemes\u201d tendr\u00e1 una participaci\u00f3n especial durante la gala. La presentaci\u00f3n coincidir\u00e1 con una fecha sumamente significativa: el 15\u00b0 aniversario de la creaci\u00f3n de este cuerpo estable.<\/p>\n<p>Desde la organizaci\u00f3n se\u00f1alaron que la facilitaci\u00f3n de espacios culturales y el reconocimiento a los artistas locales hacen que Salta sea el escenario natural para un premio de esta envergadura.<\/p>\n<p>El evento contar\u00e1 con una log\u00edstica de producci\u00f3n federal que incluye el arribo de un equipo t\u00e9cnico desde Buenos Aires para coordinar los detalles de la ceremonia. La gala no solo ser\u00e1 un encuentro para la comunidad art\u00edstica local, sino que llegar\u00e1 a cada rinc\u00f3n de Argentina a trav\u00e9s de la transmisi\u00f3n oficial de la TV P\u00fablica, otorgando una visibilidad sin precedentes al talento salte\u00f1o y al Ballet Folkl\u00f3rico Provincial (BFPS).<\/p>\n<p>El ingreso a dicho evento solo se podr\u00e1 ser con una invitaci\u00f3n especial, ya que estar\u00e1n presentes los ternados en los rubros competitivos en esta Gala.<\/p>\n<p>Fuente: Prensa Gobierno de Salta <\/p>\n","protected":false},"excerpt":{"rendered":"<p>La provincia de Salta fue elegida como sede de la Gala de Premiaci\u00f3n de los Premios Ch\u00facaro, en el marco de su 6ta edici\u00f3n federal. La ceremonia tendr\u00e1 lugar el pr\u00f3ximo 30 de abril en la Usina Cultural a las 21, consolidando a la provincia en esta oportunidad, como el epicentro de la danza folkl\u00f3rica [&hellip;]<\/p>\n","protected":false},"author":8,"featured_media":19169,"comment_status":"open","ping_status":"closed","sticky":false,"template":"","format":"standard","meta":[],"categories":[8],"tags":[],"_links":{"self":[{"href":"https:\/\/fm22.com.ar\/index.php\/wp-json\/wp\/v2\/posts\/19163"}],"collection":[{"href":"https:\/\/fm22.com.ar\/index.php\/wp-json\/wp\/v2\/posts"}],"about":[{"href":"https:\/\/fm22.com.ar\/index.php\/wp-json\/wp\/v2\/types\/post"}],"author":[{"embeddable":true,"href":"https:\/\/fm22.com.ar\/index.php\/wp-json\/wp\/v2\/users\/8"}],"replies":[{"embeddable":true,"href":"https:\/\/fm22.com.ar\/index.php\/wp-json\/wp\/v2\/comments?post=19163"}],"version-history":[{"count":1,"href":"https:\/\/fm22.com.ar\/index.php\/wp-json\/wp\/v2\/posts\/19163\/revisions"}],"predecessor-version":[{"id":19164,"href":"https:\/\/fm22.com.ar\/index.php\/wp-json\/wp\/v2\/posts\/19163\/revisions\/19164"}],"wp:featuredmedia":[{"embeddable":true,"href":"https:\/\/fm22.com.ar\/index.php\/wp-json\/wp\/v2\/media\/19169"}],"wp:attachment":[{"href":"https:\/\/fm22.com.ar\/index.php\/wp-json\/wp\/v2\/media?parent=19163"}],"wp:term":[{"taxonomy":"category","embeddable":true,"href":"https:\/\/fm22.com.ar\/index.php\/wp-json\/wp\/v2\/categories?post=19163"},{"taxonomy":"post_tag","embeddable":true,"href":"https:\/\/fm22.com.ar\/index.php\/wp-json\/wp\/v2\/tags?post=19163"}],"curies":[{"name":"wp","href":"https:\/\/api.w.org\/{rel}","templated":true}]}}