{"id":19161,"date":"2026-04-27T09:37:13","date_gmt":"2026-04-27T12:37:13","guid":{"rendered":"https:\/\/fm22.com.ar\/?p=19161"},"modified":"2026-04-27T09:49:59","modified_gmt":"2026-04-27T12:49:59","slug":"la-escuela-oficial-de-ballet-celebrara-con-una-funcion-especial-en-el-teatro-provincial","status":"publish","type":"post","link":"https:\/\/fm22.com.ar\/index.php\/2026\/04\/27\/la-escuela-oficial-de-ballet-celebrara-con-una-funcion-especial-en-el-teatro-provincial\/","title":{"rendered":"La Escuela Oficial de Ballet celebrar\u00e1 con una funci\u00f3n especial en el Teatro Provincial"},"content":{"rendered":"<p>En el marco del D\u00eda Internacional de la Danza, la Escuela Oficial de Ballet de la Provincia de Salta llevar\u00e1 adelante una funci\u00f3n especial el pr\u00f3ximo 29 de abril a las 19.30 en el Teatro Provincial \u201cJuan Carlos Saravia\u201d. La propuesta art\u00edstica estar\u00e1 encabezada por la Escuela Oficial de Ballet, que reunir\u00e1 en escena a sus alumnos junto a los cuerpos estables de la provincia, en una noche que celebrar\u00e1 el arte del movimiento en sus diversas expresiones.<\/p>\n<p>En esta ocasi\u00f3n, la Escuela Oficial de Ballet participar\u00e1 con alumnos de 6\u00ba, 7\u00ba y 8\u00ba a\u00f1o de la carrera de Bailar\u00edn Profesional, quienes presentar\u00e1n una selecci\u00f3n de obras que reflejan su formaci\u00f3n t\u00e9cnica y crecimiento art\u00edstico. Entre las piezas se destacan: \u201cPor Siempre Astor\u201d, \u201cSeremos Dos\u201d, \u201cSilencio\u201d, \u201cDanzas Polovtsianas\u201d, \u201cSecuencias\u201d y \u201c Glint\u201d, entre otras.<br \/>\nComo parte del programa, el Ballet de la Provincia de Salta presentar\u00e1 la obra contempor\u00e1nea \u201cUSANZA \u2013Cuando el hacer devora al ser\u201d, con m\u00fasica de Pink Floyd, coreograf\u00eda de la Mtra. Sabrina Wehner, bocetos de Mariana Vera y asistencia coreogr\u00e1fica de Francisco Mor\u00e1n.<\/p>\n<p>La pieza propone una profunda exploraci\u00f3n sobre la automatizaci\u00f3n de la vida cotidiana, donde los cuerpos transitan entre la rigidez mec\u00e1nica y el agotamiento, generando una experiencia sensorial que interpela al espectador. Por su parte, el Ballet Folcl\u00f3rico de la Provincia, bajo la direcci\u00f3n de Daniel Espoz, presentar\u00e1 un emotivo fragmento de la obra \u201c Primavera Somos \u201d. Una construcci\u00f3n art\u00edstica que fusiona el lenguaje de la danza folkl\u00f3rica y el contempor\u00e1neo para representar la diversidad de g\u00e9nero.<\/p>\n<p>La funci\u00f3n contar\u00e1 con la direcci\u00f3n general de la Mtra. Alejandra Cercen\u00e1, y se enmarca en las actividades impulsadas por la Escuela Oficial de Ballet para conmemorar esta fecha tan significativa para la comunidad art\u00edstica. De esta manera, la instituci\u00f3n reafirma su compromiso con la formaci\u00f3n, la producci\u00f3n art\u00edstica y la difusi\u00f3n de la danza, celebrando junto a los cuerpos estables de la provincia, una jornada que invita a reflexionar, emocionarse y disfrutar del talento local.<\/p>\n<p>Fuente: Prensa Gobierno de Salta <\/p>\n","protected":false},"excerpt":{"rendered":"<p>En el marco del D\u00eda Internacional de la Danza, la Escuela Oficial de Ballet de la Provincia de Salta llevar\u00e1 adelante una funci\u00f3n especial el pr\u00f3ximo 29 de abril a las 19.30 en el Teatro Provincial \u201cJuan Carlos Saravia\u201d. La propuesta art\u00edstica estar\u00e1 encabezada por la Escuela Oficial de Ballet, que reunir\u00e1 en escena a [&hellip;]<\/p>\n","protected":false},"author":8,"featured_media":19168,"comment_status":"open","ping_status":"closed","sticky":false,"template":"","format":"standard","meta":[],"categories":[8],"tags":[],"_links":{"self":[{"href":"https:\/\/fm22.com.ar\/index.php\/wp-json\/wp\/v2\/posts\/19161"}],"collection":[{"href":"https:\/\/fm22.com.ar\/index.php\/wp-json\/wp\/v2\/posts"}],"about":[{"href":"https:\/\/fm22.com.ar\/index.php\/wp-json\/wp\/v2\/types\/post"}],"author":[{"embeddable":true,"href":"https:\/\/fm22.com.ar\/index.php\/wp-json\/wp\/v2\/users\/8"}],"replies":[{"embeddable":true,"href":"https:\/\/fm22.com.ar\/index.php\/wp-json\/wp\/v2\/comments?post=19161"}],"version-history":[{"count":1,"href":"https:\/\/fm22.com.ar\/index.php\/wp-json\/wp\/v2\/posts\/19161\/revisions"}],"predecessor-version":[{"id":19162,"href":"https:\/\/fm22.com.ar\/index.php\/wp-json\/wp\/v2\/posts\/19161\/revisions\/19162"}],"wp:featuredmedia":[{"embeddable":true,"href":"https:\/\/fm22.com.ar\/index.php\/wp-json\/wp\/v2\/media\/19168"}],"wp:attachment":[{"href":"https:\/\/fm22.com.ar\/index.php\/wp-json\/wp\/v2\/media?parent=19161"}],"wp:term":[{"taxonomy":"category","embeddable":true,"href":"https:\/\/fm22.com.ar\/index.php\/wp-json\/wp\/v2\/categories?post=19161"},{"taxonomy":"post_tag","embeddable":true,"href":"https:\/\/fm22.com.ar\/index.php\/wp-json\/wp\/v2\/tags?post=19161"}],"curies":[{"name":"wp","href":"https:\/\/api.w.org\/{rel}","templated":true}]}}