{"id":19156,"date":"2026-04-27T09:29:10","date_gmt":"2026-04-27T12:29:10","guid":{"rendered":"https:\/\/fm22.com.ar\/?p=19156"},"modified":"2026-04-27T09:46:57","modified_gmt":"2026-04-27T12:46:57","slug":"el-concierto-dialogos-en-camara-propone-un-cruce-entre-schubert-y-beethoven","status":"publish","type":"post","link":"https:\/\/fm22.com.ar\/index.php\/2026\/04\/27\/el-concierto-dialogos-en-camara-propone-un-cruce-entre-schubert-y-beethoven\/","title":{"rendered":"El concierto Di\u00e1logos en C\u00e1mara propone un cruce entre Schubert y Beethoven"},"content":{"rendered":"<p>En el marco del 49\u00ba Abril Cultural Salte\u00f1o, se presentar\u00e1 una propuesta de m\u00fasica de c\u00e1mara, que invita a una experiencia art\u00edstica cercana y envolvente. La cita ser\u00e1 este martes 28 de abril a las 20:30 en Mitre 331, con el concierto Di\u00e1logos en c\u00e1mara: cl\u00e1sico y rom\u00e1ntico, una velada que re\u00fane grandes obras y reconocidos int\u00e9rpretes.<\/p>\n<p>El programa recorre dos piezas fundamentales del repertorio camer\u00edstico. El Quinteto \u201cLa Trucha\u201d de Franz Schubert, para cuerdas y piano, despliega una sonoridad luminosa y din\u00e1mica, donde los instrumentos dialogan con fluidez evocando el movimiento del agua. En contraste y complemento, el Cuarteto de cuerdas Op. 18 N\u00ba1 de Ludwig van Beethoven propone una obra de gran intensidad expresiva, representativa de una etapa temprana que ya anticipa el car\u00e1cter transformador del compositor.<br \/>\nLa interpretaci\u00f3n estar\u00e1 a cargo de Inga Iordanishvili, junto a Milagros Boso Galli, Constanza Boso Galli, Mauricio Torres, Alexis Araoz Olmos y Luis Escalera, quienes conforman un ensamble que pone en di\u00e1logo sensibilidad, t\u00e9cnica y profundidad musical en un concierto de m\u00fasica de c\u00e1mara pensado para disfrutar en cercan\u00eda.<\/p>\n<p>Las entradas se pueden adquirir, de manera anticipada, comunic\u00e1ndose al 3875822582 o en ProCultura Salta, el d\u00eda de la funci\u00f3n. La propuesta se presenta como una oportunidad ideal para sumarse a la programaci\u00f3n del Abril Cultural Salte\u00f1o y cerrar el mes con una experiencia art\u00edstica de calidad.<\/p>\n<p>Fuente: Prensa Gobierno de Salta <\/p>\n","protected":false},"excerpt":{"rendered":"<p>En el marco del 49\u00ba Abril Cultural Salte\u00f1o, se presentar\u00e1 una propuesta de m\u00fasica de c\u00e1mara, que invita a una experiencia art\u00edstica cercana y envolvente. La cita ser\u00e1 este martes 28 de abril a las 20:30 en Mitre 331, con el concierto Di\u00e1logos en c\u00e1mara: cl\u00e1sico y rom\u00e1ntico, una velada que re\u00fane grandes obras y [&hellip;]<\/p>\n","protected":false},"author":8,"featured_media":19166,"comment_status":"open","ping_status":"closed","sticky":false,"template":"","format":"standard","meta":[],"categories":[8],"tags":[],"_links":{"self":[{"href":"https:\/\/fm22.com.ar\/index.php\/wp-json\/wp\/v2\/posts\/19156"}],"collection":[{"href":"https:\/\/fm22.com.ar\/index.php\/wp-json\/wp\/v2\/posts"}],"about":[{"href":"https:\/\/fm22.com.ar\/index.php\/wp-json\/wp\/v2\/types\/post"}],"author":[{"embeddable":true,"href":"https:\/\/fm22.com.ar\/index.php\/wp-json\/wp\/v2\/users\/8"}],"replies":[{"embeddable":true,"href":"https:\/\/fm22.com.ar\/index.php\/wp-json\/wp\/v2\/comments?post=19156"}],"version-history":[{"count":1,"href":"https:\/\/fm22.com.ar\/index.php\/wp-json\/wp\/v2\/posts\/19156\/revisions"}],"predecessor-version":[{"id":19157,"href":"https:\/\/fm22.com.ar\/index.php\/wp-json\/wp\/v2\/posts\/19156\/revisions\/19157"}],"wp:featuredmedia":[{"embeddable":true,"href":"https:\/\/fm22.com.ar\/index.php\/wp-json\/wp\/v2\/media\/19166"}],"wp:attachment":[{"href":"https:\/\/fm22.com.ar\/index.php\/wp-json\/wp\/v2\/media?parent=19156"}],"wp:term":[{"taxonomy":"category","embeddable":true,"href":"https:\/\/fm22.com.ar\/index.php\/wp-json\/wp\/v2\/categories?post=19156"},{"taxonomy":"post_tag","embeddable":true,"href":"https:\/\/fm22.com.ar\/index.php\/wp-json\/wp\/v2\/tags?post=19156"}],"curies":[{"name":"wp","href":"https:\/\/api.w.org\/{rel}","templated":true}]}}