{"id":19145,"date":"2026-04-24T20:59:07","date_gmt":"2026-04-24T23:59:07","guid":{"rendered":"https:\/\/fm22.com.ar\/?p=19145"},"modified":"2026-04-24T21:28:19","modified_gmt":"2026-04-25T00:28:19","slug":"sueno-de-agua-llega-al-mac-salta-con-una-propuesta-que-cruza-territorios-y-lenguajes","status":"publish","type":"post","link":"https:\/\/fm22.com.ar\/index.php\/2026\/04\/24\/sueno-de-agua-llega-al-mac-salta-con-una-propuesta-que-cruza-territorios-y-lenguajes\/","title":{"rendered":"\u201cSue\u00f1o de Agua\u201d llega al MAC Salta con una propuesta que cruza territorios y lenguajes"},"content":{"rendered":"<p>En el Museo de Arte Contempor\u00e1neo de Salta, Zuvir\u00eda 90, se inaugurar\u00e1 el jueves 30 de abril a las 20 horas la muestra Sue\u00f1o de Agua, una exposici\u00f3n multidisciplinaria e itinerante que propone un cruce entre arte contempor\u00e1neo, imaginarios on\u00edricos y compromiso con el territorio. Presentada por Umbral Cultura, la plataforma cultural de Sullair Argentina, con curadur\u00eda de Lucas Mar\u00edn y direcci\u00f3n de Anah\u00ed Traba, la exhibici\u00f3n re\u00fane a ocho artistas de Argentina y Chile que desarrollan una diversidad de lenguajes y b\u00fasquedas est\u00e9ticas.<\/p>\n<p>Participan Ana Benedetti, Valeria Conte Mac Donell, Sebasti\u00e1n Daels (Tatu), Martin Florio (Mart Aire), Nadia Guthmann, Juli\u00e1n Manzelli (Chu), Jorge Pomar y Paula Tikay, quienes aportan obras que abarcan pintura, dibujo, escultura, textil, instalaci\u00f3n, intervenci\u00f3n mural, video y performance. Cada uno construye una po\u00e9tica singular que, en conjunto, configura un entramado de sentidos donde se destacan los v\u00ednculos entre naturaleza, memoria y cuerpo.<\/p>\n<p>La muestra, declarada de Inter\u00e9s Cultural por la Secretar\u00eda de Cultura de la Provincia de Salta, plantea di\u00e1logos y tensiones en los que la figura femenina adquiere centralidad como representaci\u00f3n de los ciclos vitales y como reservorio de memorias m\u00edticas. En ese marco, la propuesta se expande m\u00e1s all\u00e1 de las salas del museo mediante la realizaci\u00f3n de dos murales durante el per\u00edodo expositivo. Uno de ellos ser\u00e1 ejecutado por Mart\u00edn Florio en la sucursal de Sullair Argentina, mientras que el segundo, realizado en colaboraci\u00f3n con Sebasti\u00e1n Daels, se desarrollar\u00e1 en la ciudad de Salta en articulaci\u00f3n con la Municipalidad, dentro del Plan de Muralismo coordinado por Violeta Barrabino y Mart\u00edn C\u00f3rdoba, iniciativa que ya impuls\u00f3 m\u00e1s de un centenar de intervenciones con la participaci\u00f3n de alrededor de 60 artistas visuales.<br \/>\nComo parte de la programaci\u00f3n, el p\u00fablico podr\u00e1 asistir a una performance colectiva titulada La medusa, el hilo, el espiral y la ara\u00f1a, concebida por Valeria Conte junto al m\u00fasico y compositor Horacio Villa y la bailarina y performer Antonella Dest\u00e9fano. Esta acci\u00f3n esc\u00e9nica se suma al conjunto de propuestas que integran la exhibici\u00f3n, donde convergen investigaci\u00f3n art\u00edstica, pr\u00e1cticas en el espacio p\u00fablico, trabajo con comunidades, docencia y experimentaci\u00f3n, configurando una experiencia que invita a recorrer distintos modos de habitar y pensar el arte contempor\u00e1neo en di\u00e1logo con lo local y lo internacional.<\/p>\n<p>Fuente Prensa Gobierno de Salta <\/p>\n","protected":false},"excerpt":{"rendered":"<p>En el Museo de Arte Contempor\u00e1neo de Salta, Zuvir\u00eda 90, se inaugurar\u00e1 el jueves 30 de abril a las 20 horas la muestra Sue\u00f1o de Agua, una exposici\u00f3n multidisciplinaria e itinerante que propone un cruce entre arte contempor\u00e1neo, imaginarios on\u00edricos y compromiso con el territorio. Presentada por Umbral Cultura, la plataforma cultural de Sullair Argentina, [&hellip;]<\/p>\n","protected":false},"author":8,"featured_media":19150,"comment_status":"open","ping_status":"closed","sticky":false,"template":"","format":"standard","meta":[],"categories":[8],"tags":[],"_links":{"self":[{"href":"https:\/\/fm22.com.ar\/index.php\/wp-json\/wp\/v2\/posts\/19145"}],"collection":[{"href":"https:\/\/fm22.com.ar\/index.php\/wp-json\/wp\/v2\/posts"}],"about":[{"href":"https:\/\/fm22.com.ar\/index.php\/wp-json\/wp\/v2\/types\/post"}],"author":[{"embeddable":true,"href":"https:\/\/fm22.com.ar\/index.php\/wp-json\/wp\/v2\/users\/8"}],"replies":[{"embeddable":true,"href":"https:\/\/fm22.com.ar\/index.php\/wp-json\/wp\/v2\/comments?post=19145"}],"version-history":[{"count":1,"href":"https:\/\/fm22.com.ar\/index.php\/wp-json\/wp\/v2\/posts\/19145\/revisions"}],"predecessor-version":[{"id":19146,"href":"https:\/\/fm22.com.ar\/index.php\/wp-json\/wp\/v2\/posts\/19145\/revisions\/19146"}],"wp:featuredmedia":[{"embeddable":true,"href":"https:\/\/fm22.com.ar\/index.php\/wp-json\/wp\/v2\/media\/19150"}],"wp:attachment":[{"href":"https:\/\/fm22.com.ar\/index.php\/wp-json\/wp\/v2\/media?parent=19145"}],"wp:term":[{"taxonomy":"category","embeddable":true,"href":"https:\/\/fm22.com.ar\/index.php\/wp-json\/wp\/v2\/categories?post=19145"},{"taxonomy":"post_tag","embeddable":true,"href":"https:\/\/fm22.com.ar\/index.php\/wp-json\/wp\/v2\/tags?post=19145"}],"curies":[{"name":"wp","href":"https:\/\/api.w.org\/{rel}","templated":true}]}}