{"id":18906,"date":"2026-03-16T17:36:38","date_gmt":"2026-03-16T20:36:38","guid":{"rendered":"https:\/\/fm22.com.ar\/?p=18906"},"modified":"2026-03-16T17:38:41","modified_gmt":"2026-03-16T20:38:41","slug":"se-retiro-chiquito-romero","status":"publish","type":"post","link":"https:\/\/fm22.com.ar\/index.php\/2026\/03\/16\/se-retiro-chiquito-romero\/","title":{"rendered":"Se retir\u00f3 Chiquito Romero"},"content":{"rendered":"<p>Punto final para Sergio Germ\u00e1n Romero. Punto final para una carrera extraordinaria. Se retira Chiquito. El arquero dejar\u00e1 su profesi\u00f3n a los 39 a\u00f1os, aunque de todas manera seguir\u00e1 ligado al f\u00fatbol. Del &#8220;hoy te convert\u00eds en h\u00e9roe&#8221; durante su paso en la Selecci\u00f3n Argentina al h\u00e9roe de Boca en la Copa Libertadores 2023 y hasta este final en el que tuvo algunos traspi\u00e9s en el Xeneize y tambi\u00e9n en Argentinos Juniors, la \u00faltima camiseta que visti\u00f3.<\/p>\n<p>Luego de haber rescindido contrato con el Bicho el a\u00f1o pasado y de no haber conseguido club en este \u00faltimo mercado de pases de verano, algo que esperaba con ansias aunque uno de sus requisitos era no moverse de Buenos Aires por razones familares, el misionero colg\u00f3 los guantes. \u00bfLo que sigue? Ser entrenador.<\/p>\n<p>Chiquito lanzar\u00e1 su carrera como t\u00e9cnico, curso que termin\u00f3 casualmente en 2023 cuando todav\u00eda era jugador de Boca. De hecho, hasta tendr\u00eda a su CT armado. &#8220;Estoy preparado para cruzar la l\u00ednea&#8221;, hab\u00eda dicho hace algunas semanas como ya d\u00e1ndole forma a esta idea que finalmente termin\u00f3 tomando.<\/p>\n<p>Chiquito lanzar\u00e1 su carrera como t\u00e9cnico, curso que termin\u00f3 casualmente en 2023 cuando todav\u00eda era jugador de Boca. De hecho, hasta tendr\u00eda a su CT armado. &#8220;Estoy preparado para cruzar la l\u00ednea&#8221;, hab\u00eda dicho hace algunas semanas como ya d\u00e1ndole forma a esta idea que finalmente termin\u00f3 tomando.<br \/>\nFuente: Ol\u00e9 <\/p>\n","protected":false},"excerpt":{"rendered":"<p>Punto final para Sergio Germ\u00e1n Romero. Punto final para una carrera extraordinaria. Se retira Chiquito. El arquero dejar\u00e1 su profesi\u00f3n a los 39 a\u00f1os, aunque de todas manera seguir\u00e1 ligado al f\u00fatbol. Del &#8220;hoy te convert\u00eds en h\u00e9roe&#8221; durante su paso en la Selecci\u00f3n Argentina al h\u00e9roe de Boca en la Copa Libertadores 2023 y [&hellip;]<\/p>\n","protected":false},"author":8,"featured_media":18908,"comment_status":"open","ping_status":"closed","sticky":false,"template":"","format":"standard","meta":[],"categories":[10],"tags":[],"_links":{"self":[{"href":"https:\/\/fm22.com.ar\/index.php\/wp-json\/wp\/v2\/posts\/18906"}],"collection":[{"href":"https:\/\/fm22.com.ar\/index.php\/wp-json\/wp\/v2\/posts"}],"about":[{"href":"https:\/\/fm22.com.ar\/index.php\/wp-json\/wp\/v2\/types\/post"}],"author":[{"embeddable":true,"href":"https:\/\/fm22.com.ar\/index.php\/wp-json\/wp\/v2\/users\/8"}],"replies":[{"embeddable":true,"href":"https:\/\/fm22.com.ar\/index.php\/wp-json\/wp\/v2\/comments?post=18906"}],"version-history":[{"count":1,"href":"https:\/\/fm22.com.ar\/index.php\/wp-json\/wp\/v2\/posts\/18906\/revisions"}],"predecessor-version":[{"id":18907,"href":"https:\/\/fm22.com.ar\/index.php\/wp-json\/wp\/v2\/posts\/18906\/revisions\/18907"}],"wp:featuredmedia":[{"embeddable":true,"href":"https:\/\/fm22.com.ar\/index.php\/wp-json\/wp\/v2\/media\/18908"}],"wp:attachment":[{"href":"https:\/\/fm22.com.ar\/index.php\/wp-json\/wp\/v2\/media?parent=18906"}],"wp:term":[{"taxonomy":"category","embeddable":true,"href":"https:\/\/fm22.com.ar\/index.php\/wp-json\/wp\/v2\/categories?post=18906"},{"taxonomy":"post_tag","embeddable":true,"href":"https:\/\/fm22.com.ar\/index.php\/wp-json\/wp\/v2\/tags?post=18906"}],"curies":[{"name":"wp","href":"https:\/\/api.w.org\/{rel}","templated":true}]}}