{"id":18902,"date":"2026-03-16T16:55:53","date_gmt":"2026-03-16T19:55:53","guid":{"rendered":"https:\/\/fm22.com.ar\/?p=18902"},"modified":"2026-03-16T17:02:15","modified_gmt":"2026-03-16T20:02:15","slug":"con-nueve-delanteros-y-sin-neymar-ancelotti-anuncio-la-lista-de-brasil","status":"publish","type":"post","link":"https:\/\/fm22.com.ar\/index.php\/2026\/03\/16\/con-nueve-delanteros-y-sin-neymar-ancelotti-anuncio-la-lista-de-brasil\/","title":{"rendered":"Con nueve delanteros y sin Neymar: Ancelotti anunci\u00f3 la lista de Brasil"},"content":{"rendered":"<p>Carlo Ancelotti entreg\u00f3 la lista de convocados de la Selecci\u00f3n de Brasil para la fecha FIFA de marzo, donde se enfrentar\u00e1n a Francia y Croacia en amistosos: cit\u00f3 a nueve delanteros y nuevamente dej\u00f3 afuera a Neymar, en la \u00faltima gira antes del Mundial 2026.<\/p>\n<p>La explicaci\u00f3n de la lista es que depende mucho de las lesiones, obviamente. Es una lista armada con jugadores que est\u00e1n al 100 por ciento de su condici\u00f3n f\u00edsica. Tenemos lesionados importantes, como Milit\u00e3o, Bruno Guimar\u00e3es, Estev\u00e3o, Rodrygo, a quienes les deseamos una r\u00e1pida recuperaci\u00f3n. Vamos a jugar dos partidos importantes, de intensidad, en un plazo muy corto, con viaje incluido. Prefer\u00ed llevar a quienes est\u00e1n al 100 %&#8221;, expres\u00f3 en conferencia de prensa.<\/p>\n<p>A su vez, se refiri\u00f3 a la ausencia de Neymar, quien fue el 10 de Brasil en los \u00faltimos tres Mundiales y, ahora, parece estar cada vez m\u00e1s lejos de la Copa del Mundo de este a\u00f1o: &#8220;Es una evaluaci\u00f3n f\u00edsica, no t\u00e9cnica. Neymar es muy bueno con el bal\u00f3n, pero necesita mejorar f\u00edsicamente. Porque, tanto para el cuerpo t\u00e9cnico como para m\u00ed, no est\u00e1 al 100% de su potencial&#8221;.<br \/>\nLas novedades de la lista son las inclusiones de Leo Pereira (Flamengo), Gabriel Sara (Galatasaray), Igor Thiago (Brentford) y Rayan (Bournemouth). &#8220;Cuando llamamos a jugadores nuevos, queremos saber c\u00f3mo se incorporana nuestro ambiente, el car\u00e1cter. Sabemos perfectamente c\u00f3mo est\u00e1n jugando, porque tenemos evaluaciones de cada jugador&#8221;, asegur\u00f3 el DT italiano.<\/p>\n<p>Brasil se enfrentar\u00e1 a Franciael 26 de marzo en Boston y, luego, a Croacia el 31 en Orlando. Antes de la Copa del Mundo, la Verdeamarela tendr\u00e1 otro duelo con Panam\u00e1, el 31 de mayo en el Maracan\u00e1, y luego frente a Egipto el 6 de junio en Cleveland, Estados Unidos.<br \/>\nEl seleccionado que dirige Carlo Ancelotti integrar\u00e1 el Grupo C del Mundial 2026: compartir\u00e1 zona con Marruecos, Hait\u00ed y Escocia. Los duelos ser\u00e1n en Nueva Jersey, Filadelfia y Miami, respectivamente.<\/p>\n<p>Fuente: T y C<\/p>\n","protected":false},"excerpt":{"rendered":"<p>Carlo Ancelotti entreg\u00f3 la lista de convocados de la Selecci\u00f3n de Brasil para la fecha FIFA de marzo, donde se enfrentar\u00e1n a Francia y Croacia en amistosos: cit\u00f3 a nueve delanteros y nuevamente dej\u00f3 afuera a Neymar, en la \u00faltima gira antes del Mundial 2026. La explicaci\u00f3n de la lista es que depende mucho de [&hellip;]<\/p>\n","protected":false},"author":8,"featured_media":18905,"comment_status":"open","ping_status":"closed","sticky":false,"template":"","format":"standard","meta":[],"categories":[10],"tags":[],"_links":{"self":[{"href":"https:\/\/fm22.com.ar\/index.php\/wp-json\/wp\/v2\/posts\/18902"}],"collection":[{"href":"https:\/\/fm22.com.ar\/index.php\/wp-json\/wp\/v2\/posts"}],"about":[{"href":"https:\/\/fm22.com.ar\/index.php\/wp-json\/wp\/v2\/types\/post"}],"author":[{"embeddable":true,"href":"https:\/\/fm22.com.ar\/index.php\/wp-json\/wp\/v2\/users\/8"}],"replies":[{"embeddable":true,"href":"https:\/\/fm22.com.ar\/index.php\/wp-json\/wp\/v2\/comments?post=18902"}],"version-history":[{"count":1,"href":"https:\/\/fm22.com.ar\/index.php\/wp-json\/wp\/v2\/posts\/18902\/revisions"}],"predecessor-version":[{"id":18903,"href":"https:\/\/fm22.com.ar\/index.php\/wp-json\/wp\/v2\/posts\/18902\/revisions\/18903"}],"wp:featuredmedia":[{"embeddable":true,"href":"https:\/\/fm22.com.ar\/index.php\/wp-json\/wp\/v2\/media\/18905"}],"wp:attachment":[{"href":"https:\/\/fm22.com.ar\/index.php\/wp-json\/wp\/v2\/media?parent=18902"}],"wp:term":[{"taxonomy":"category","embeddable":true,"href":"https:\/\/fm22.com.ar\/index.php\/wp-json\/wp\/v2\/categories?post=18902"},{"taxonomy":"post_tag","embeddable":true,"href":"https:\/\/fm22.com.ar\/index.php\/wp-json\/wp\/v2\/tags?post=18902"}],"curies":[{"name":"wp","href":"https:\/\/api.w.org\/{rel}","templated":true}]}}