{"id":18897,"date":"2026-03-16T13:09:54","date_gmt":"2026-03-16T16:09:54","guid":{"rendered":"https:\/\/fm22.com.ar\/?p=18897"},"modified":"2026-03-16T13:14:21","modified_gmt":"2026-03-16T16:14:21","slug":"microcreditos-para-emprendedores-informaron-sobre-el-acceso-a-la-linea-de-financiamiento","status":"publish","type":"post","link":"https:\/\/fm22.com.ar\/index.php\/2026\/03\/16\/microcreditos-para-emprendedores-informaron-sobre-el-acceso-a-la-linea-de-financiamiento\/","title":{"rendered":"Microcr\u00e9ditos para emprendedores : informaron sobre el acceso a la l\u00ednea de financiamiento"},"content":{"rendered":"<p>El Ministerio de Desarrollo Social, a trav\u00e9s de la Subsecretar\u00eda de Fortalecimiento Sociocomunitario, llev\u00f3 adelante reuniones informativas en las localidades de Angastaco y Molinos, destinadas a emprendedores interesados en acceder a la l\u00ednea de microcr\u00e9ditos para fortalecer sus proyectos productivos locales.<\/p>\n<p>Estos encuentros contaron con la participaci\u00f3n de m\u00e1s de 20 emprendedores en cada localidad, donde se interiorizaron sobre las caracter\u00edsticas del programa, sus requisitos y las etapas necesarias para acceder al financiamiento.<br \/>\nDurante la jornada se explic\u00f3 que la l\u00ednea de microcr\u00e9ditos est\u00e1 dirigida a personas mayores de 18 a\u00f1os que cuenten con un emprendimiento en marcha. Los interesados deben atravesar un proceso de validaci\u00f3n que incluye entrevistas y evaluaciones por parte del equipo t\u00e9cnico, a fin de analizar la viabilidad del proyecto y definir la aprobaci\u00f3n del cr\u00e9dito.<\/p>\n<p>El objetivo de esta herramienta es acompa\u00f1ar a emprendedores locales mediante una ayuda econ\u00f3mica que permita fortalecer sus proyectos productivos, mejorar sus condiciones de trabajo y potenciar el desarrollo de la econom\u00eda familiar. <\/p>\n<p>Adem\u00e1s, en la localidad de Molinos se llev\u00f3 adelante un taller de Elaboraci\u00f3n de Biofertilizantes Ecol\u00f3gicos, en el marco del programa \u201cTu oficio, tu trabajo\u201d, destinado a vecinos de la comunidad interesados en incorporar herramientas para el desarrollo productivo local. Durante la jornada se brindaron conocimientos pr\u00e1cticos sobre la preparaci\u00f3n y uso de fertilizantes naturales, promoviendo pr\u00e1cticas sustentables que contribuyen al fortalecimiento de los emprendimientos y la producci\u00f3n en la zona.<\/p>\n<p>Desde el Ministerio de Desarrollo Social se destacan estas acciones que buscan acercar herramientas concretas a emprendedores de distintos municipios de la provincia, promoviendo oportunidades de desarrollo productivo y fortaleciendo las econom\u00edas locales.<\/p>\n<p>Fuente: Prensa Gobierno de Salta <\/p>\n","protected":false},"excerpt":{"rendered":"<p>El Ministerio de Desarrollo Social, a trav\u00e9s de la Subsecretar\u00eda de Fortalecimiento Sociocomunitario, llev\u00f3 adelante reuniones informativas en las localidades de Angastaco y Molinos, destinadas a emprendedores interesados en acceder a la l\u00ednea de microcr\u00e9ditos para fortalecer sus proyectos productivos locales. Estos encuentros contaron con la participaci\u00f3n de m\u00e1s de 20 emprendedores en cada localidad, [&hellip;]<\/p>\n","protected":false},"author":8,"featured_media":18901,"comment_status":"open","ping_status":"closed","sticky":false,"template":"","format":"standard","meta":[],"categories":[105],"tags":[],"_links":{"self":[{"href":"https:\/\/fm22.com.ar\/index.php\/wp-json\/wp\/v2\/posts\/18897"}],"collection":[{"href":"https:\/\/fm22.com.ar\/index.php\/wp-json\/wp\/v2\/posts"}],"about":[{"href":"https:\/\/fm22.com.ar\/index.php\/wp-json\/wp\/v2\/types\/post"}],"author":[{"embeddable":true,"href":"https:\/\/fm22.com.ar\/index.php\/wp-json\/wp\/v2\/users\/8"}],"replies":[{"embeddable":true,"href":"https:\/\/fm22.com.ar\/index.php\/wp-json\/wp\/v2\/comments?post=18897"}],"version-history":[{"count":1,"href":"https:\/\/fm22.com.ar\/index.php\/wp-json\/wp\/v2\/posts\/18897\/revisions"}],"predecessor-version":[{"id":18898,"href":"https:\/\/fm22.com.ar\/index.php\/wp-json\/wp\/v2\/posts\/18897\/revisions\/18898"}],"wp:featuredmedia":[{"embeddable":true,"href":"https:\/\/fm22.com.ar\/index.php\/wp-json\/wp\/v2\/media\/18901"}],"wp:attachment":[{"href":"https:\/\/fm22.com.ar\/index.php\/wp-json\/wp\/v2\/media?parent=18897"}],"wp:term":[{"taxonomy":"category","embeddable":true,"href":"https:\/\/fm22.com.ar\/index.php\/wp-json\/wp\/v2\/categories?post=18897"},{"taxonomy":"post_tag","embeddable":true,"href":"https:\/\/fm22.com.ar\/index.php\/wp-json\/wp\/v2\/tags?post=18897"}],"curies":[{"name":"wp","href":"https:\/\/api.w.org\/{rel}","templated":true}]}}