{"id":18871,"date":"2026-03-12T12:48:56","date_gmt":"2026-03-12T15:48:56","guid":{"rendered":"https:\/\/fm22.com.ar\/?p=18871"},"modified":"2026-03-12T13:18:38","modified_gmt":"2026-03-12T16:18:38","slug":"educacion-financiera-en-el-secundario-cursos-para-capacitar-a-los-docentes","status":"publish","type":"post","link":"https:\/\/fm22.com.ar\/index.php\/2026\/03\/12\/educacion-financiera-en-el-secundario-cursos-para-capacitar-a-los-docentes\/","title":{"rendered":"Educaci\u00f3n Financiera en el secundario: cursos para capacitar a los docentes"},"content":{"rendered":"<p>La Provincia avanza  en la consolidaci\u00f3n de la Educaci\u00f3n Financiera Temprana seg\u00fan lo establece la Ley provincial N\u00ba 8378, para los estudiantes del Nivel Secundario. Concretamente se apunta a generar la responsabilidad y los conocimientos necesarios en los j\u00f3venes para que sean capaces de tomar mejores decisiones financieras y administrar correctamente sus recursos.<\/p>\n<p>Tras la firma y formalizaci\u00f3n de los convenios entre la Universidad Nacional de Salta y los ministerios de Educaci\u00f3n y de Econom\u00eda de la Provincia se dictar\u00e1n cursos destinados a los docentes que adem\u00e1s de abarcar contenidos espec\u00edficos de la educaci\u00f3n financiera abordar\u00e1n estrategias de ense\u00f1anza para despertar el inter\u00e9s, basadas en an\u00e1lisis de casos y situaciones pr\u00e1cticas de la vida cotidiana y lo que ofrece la v\u00eda digital.<\/p>\n<p>Estos espacios de formaci\u00f3n, a cargo de la Coordinaci\u00f3n Estrat\u00e9gica de Planeamiento Educativo, profundizan y escalan el trabajo que ya se viene desarrollando junto con entidades bancarias como el Banco Central de la Rep\u00fablica Argentina y el Banco Macro entre otros.<\/p>\n<p>Al respecto la coordinadora estrat\u00e9gica de Planeamiento Educativo Anal\u00eda Guardo expres\u00f3 que &#8220;est\u00e1 acci\u00f3n est\u00e1 destinada a los docentes para formarlos con  las herramientas necesarias que promuevan que los alumnos sean capaces de administrar sus propias finanzas&#8221;.<\/p>\n<p>Los cursos ser\u00e1n gratuitos y se destinar\u00e1n a educadores de capital y del interior provincial, adem\u00e1s de contar con los avales correspondientes para otorgar puntaje docente de cara a la Junta Calificadora.<br \/>\nEstuvieron presentes en la firma de convenio el ministro de Econom\u00eda y Servicios P\u00fablicos Roberto Dib Ashur; la ministra de Educaci\u00f3n y Cultura Cristina Fiore Vi\u00f1uales; el ministro de Gobierno y Justicia Ignacio Jars\u00fan; la coordinadora Estrat\u00e9gica de Planeamiento Educativo Anal\u00eda Guardo y por parte de la Universidad Nacional de Salta V\u00edctor Claros y la decana de la Facultad de Ciencias Econ\u00f3micas Jur\u00eddicas y Sociales  Teodolina In\u00e9s Zuvir\u00eda.<\/p>\n<p>Fuente: Prensa Gobierno de Salta <\/p>\n","protected":false},"excerpt":{"rendered":"<p>La Provincia avanza en la consolidaci\u00f3n de la Educaci\u00f3n Financiera Temprana seg\u00fan lo establece la Ley provincial N\u00ba 8378, para los estudiantes del Nivel Secundario. Concretamente se apunta a generar la responsabilidad y los conocimientos necesarios en los j\u00f3venes para que sean capaces de tomar mejores decisiones financieras y administrar correctamente sus recursos. Tras la [&hellip;]<\/p>\n","protected":false},"author":8,"featured_media":18878,"comment_status":"open","ping_status":"closed","sticky":false,"template":"","format":"standard","meta":[],"categories":[9],"tags":[],"_links":{"self":[{"href":"https:\/\/fm22.com.ar\/index.php\/wp-json\/wp\/v2\/posts\/18871"}],"collection":[{"href":"https:\/\/fm22.com.ar\/index.php\/wp-json\/wp\/v2\/posts"}],"about":[{"href":"https:\/\/fm22.com.ar\/index.php\/wp-json\/wp\/v2\/types\/post"}],"author":[{"embeddable":true,"href":"https:\/\/fm22.com.ar\/index.php\/wp-json\/wp\/v2\/users\/8"}],"replies":[{"embeddable":true,"href":"https:\/\/fm22.com.ar\/index.php\/wp-json\/wp\/v2\/comments?post=18871"}],"version-history":[{"count":1,"href":"https:\/\/fm22.com.ar\/index.php\/wp-json\/wp\/v2\/posts\/18871\/revisions"}],"predecessor-version":[{"id":18872,"href":"https:\/\/fm22.com.ar\/index.php\/wp-json\/wp\/v2\/posts\/18871\/revisions\/18872"}],"wp:featuredmedia":[{"embeddable":true,"href":"https:\/\/fm22.com.ar\/index.php\/wp-json\/wp\/v2\/media\/18878"}],"wp:attachment":[{"href":"https:\/\/fm22.com.ar\/index.php\/wp-json\/wp\/v2\/media?parent=18871"}],"wp:term":[{"taxonomy":"category","embeddable":true,"href":"https:\/\/fm22.com.ar\/index.php\/wp-json\/wp\/v2\/categories?post=18871"},{"taxonomy":"post_tag","embeddable":true,"href":"https:\/\/fm22.com.ar\/index.php\/wp-json\/wp\/v2\/tags?post=18871"}],"curies":[{"name":"wp","href":"https:\/\/api.w.org\/{rel}","templated":true}]}}