{"id":18869,"date":"2026-03-12T12:36:04","date_gmt":"2026-03-12T15:36:04","guid":{"rendered":"https:\/\/fm22.com.ar\/?p=18869"},"modified":"2026-03-12T13:17:29","modified_gmt":"2026-03-12T16:17:29","slug":"la-orquesta-sinfonica-de-salta-conmemora-manana-el-mes-de-la-mujer","status":"publish","type":"post","link":"https:\/\/fm22.com.ar\/index.php\/2026\/03\/12\/la-orquesta-sinfonica-de-salta-conmemora-manana-el-mes-de-la-mujer\/","title":{"rendered":"La Orquesta Sinf\u00f3nica de Salta conmemora ma\u00f1ana el Mes de la Mujer"},"content":{"rendered":"<p>En el segundo concierto de la temporada de sus Bodas de Plata, la Orquesta Sinf\u00f3nica de Salta celebrar\u00e1 el Mes de la Mujer. La presentaci\u00f3n ser\u00e1 ma\u00f1ana viernes 13 de marzo, a las 21 h, en el Teatro Provincial Juan Carlos Saravia, bajo la direcci\u00f3n de la maestra invitada Annunziata Tomaro.<\/p>\n<p>En el repertorio se destacan grandes arias de \u00f3peras de Wolfgang Amadeus Mozart, Giacomo Puccini, Carl Maria von Weber, Franz Leh\u00e1r y Pietro Mascagni, que ser\u00e1n interpretadas por las sopranos salte\u00f1as Agustina Ginocchio, Lucero Sol\u00eds Sim\u00f3n y Romina Andrea.<\/p>\n<p>La Sinfon\u00eda Nro. 4 de Robert Schumann y la obertura de la \u00f3pera La Cenicienta, de Gioachino Rossini, ser\u00e1n las otras obras del programa, en una noche que promete quedar en el recuerdo del p\u00fablico salte\u00f1o.<\/p>\n<p>Las entradas ya est\u00e1n a la venta en la boleter\u00eda del Teatro Provincial y en la plataforma digital vamos.gob.ar. El valor es de $ 8000, m\u00e1s $ 1200 del servicio de la ticketera. Como es habitual en los conciertos de la OSS, hay entradas gratuitas para estudiantes y jubilados, aunque en n\u00famero limitado.<\/p>\n<p> Sobre Annunziata Tomaro<\/p>\n<p>Annunziata Tomaro naci\u00f3 en Estados Unidos y comenz\u00f3 su formaci\u00f3n musical en la prestigiosa Juilliard School de Nueva York. A lo largo de su carrera, estudi\u00f3 con reconocidos maestros de la direcci\u00f3n orquestal en Estados Unidos y Europa, y obtuvo el t\u00edtulo de Doctora en Direcci\u00f3n Orquestal por el College-Conservatory of Music de la Universidad de Cincinnati.<br \/>\nHa ocupado cargos destacados como Directora Musical del Phoenix Ensemble (EE. UU.) y del Opera Theater and Music Festival de Lucca y del Festival de Spoleto (Italia). Fue tambi\u00e9n directora adjunta de la Cincinnati Chamber Orchestra. Se desempe\u00f1\u00f3 como Profesora de Direcci\u00f3n Orquestal, y Directora Musical y Art\u00edstica de la Concert Orchestra, la \u00d3pera y el Ensamble Contempor\u00e1neo en la Universidad de Cincinnati.<\/p>\n<p>En 2014 fue convocada por la Direcci\u00f3n del Teatro Col\u00f3n de Buenos Aires para asumir los roles de Jefa de M\u00fasica de Escenario y Asistente de la Direcci\u00f3n de la Orquesta Estable durante dos temporadas.<\/p>\n<p>Su actividad como directora invitada la ha llevado a escenarios de Estados Unidos, Europa y Am\u00e9rica Latina. En Argentina, desarrolla una intensa actividad art\u00edstica de marcada versatilidad, junto a orquestas, ensambles y ciclos musicales de primer nivel, abarcando los \u00e1mbitos sinf\u00f3nico, oper\u00edstico y contempor\u00e1neo.<\/p>\n<p>Ha sido galardonada con importantes distinciones internacionales, entre ellas el Concurso Internacional de Direcci\u00f3n Antonio Pedrotti (Italia), el t\u00edtulo de Directora Extraordinaria por la League of American Orchestras (EE. UU.), el Robinson Award de la Conductors Guild (EE. UU.), el Presser Award (EE. UU.\/Suiza) y una beca Fulbright (Alemania).<\/p>\n<p>Paralelamente a su actividad como directora invitada, es frecuentemente convocada para ofrecer clases magistrales y seminarios de direcci\u00f3n en conservatorios y universidades de los Estados Unidos. M\u00e1s recientemente, fue artista residente en la Universidad de Illinois en Urbana-Champaign (EE.\u202fUU.). Desde 2017 es profesora en el Conservatorio Superior de M\u00fasica Manuel de Falla (Buenos Aires) y, desde 2023, en la Facultad de Artes y Dise\u00f1o de la Universidad Nacional de Cuyo (Mendoza).<br \/>\nSobre las sopranos<\/p>\n<p>Agustina Ginocchio Fortuny naci\u00f3 en Salta. Se form\u00f3 en canto l\u00edrico en Salta L\u00edrica \u2013 \u00d3pera Studio (2013\u20132022) y en piano en el Conservatorio Fracassi. Integr\u00f3 el Coro de la Provincia de Salta durante una d\u00e9cada, participando en producciones de \u00f3pera y zarzuela como Madama Butterfly, La Traviata y Pagliacci.<\/p>\n<p>Se ha presentado como solista en conciertos sinf\u00f3nicos y de c\u00e1mara junto a orquestas provinciales, interpretando repertorio sacro y oper\u00edstico, y participando tambi\u00e9n en actos oficiales y galas provinciales y nacionales. Su actividad art\u00edstica incluye conciertos propios en teatros y salas culturales desde 2015, combinando repertorio l\u00edrico, popular y propuestas esc\u00e9nicas interdisciplinarias.<br \/>\nEn 2023 fue finalista del programa televisivo Got Talent Argentina, donde se destac\u00f3 por su versatilidad vocal y su impronta esc\u00e9nica. Actualmente desarrolla una intensa labor como cantante, docente y gestora de proyectos musicales.<\/p>\n<p>Lucero Sol\u00eds Sim\u00f3n naci\u00f3 en Salta e inici\u00f3 sus estudios de canto a los trece a\u00f1os con el tenor Guillermo Romero Ismael. Fue seleccionada como becaria de Salta L\u00edrica, donde contin\u00faa su capacitaci\u00f3n hasta la actualidad con destacados cantantes del Teatro Col\u00f3n, como Luciano Garay, Dar\u00edo Schmunck y Alejandra Malvino.<\/p>\n<p>Realiz\u00f3 estudios en la Escuela Superior de M\u00fasica Jos\u00e9 Lo Gi\u00fadice (Salta). Cabe destacar en su formaci\u00f3n a renombrados profesionales como Julio Men\u00e9ndez, Tom\u00e1s Ballicora, Noam Zur, M\u00f3nica Philibert y Lizzie Waisse.<\/p>\n<p>En 2016 ingres\u00f3 al Estudio Coral del Departamento Vocal y Coral de Salta, donde se desempe\u00f1\u00f3 en la cuerda de sopranos en numerosos conciertos, producciones sinf\u00f3nico-corales y \u00f3peras junto a la OSS y diferentes agrupaciones instrumentales, adem\u00e1s de presentarse como solista en diversas galas l\u00edricas y conciertos de c\u00e1mara. Desde 2019 ha interpretado roles destacados en \u00f3peras, operetas y zarzuelas.<\/p>\n<p>Romina Andrea es profesora de m\u00fasica titulada en el Conservatorio Ense\u00f1anzas Musicales, de la ciudad de Salta. Se inici\u00f3 en el canto en escenarios de heavy metal. En el a\u00f1o 2014 se introdujo en el estudio de canto l\u00edrico y se present\u00f3 por primera vez como solista junto a una orquesta en Tucum\u00e1n, junto al Estudio Coral Tucum\u00e1n.<\/p>\n<p>Fue becada en Salta L\u00edrica, donde se form\u00f3 con maestros del Teatro Col\u00f3n y estudi\u00f3 con Alejandra Malvino, Lizzie Waisse, Dar\u00edo Schmunk, Noam Zur y Luciano Garay. Se destac\u00f3 como soprano solista en numerosas \u00f3peras, junto a formaciones como Jard\u00edn de Apolo, La Follia (Tucum\u00e1n), Departamento Vocal y Coral de Salta, Orquesta Sinf\u00f3nica de Salta, Warmi (ensamble de m\u00fasica contempor\u00e1nea), Da Capo, Concierto Fundaci\u00f3n Mozarteum, Ensamble Camerus (Buenos Aires), entre otros. Adem\u00e1s, tiene una notable carrera como cantante popular en los g\u00e9neros folklore, jazz, pop y bolero.<\/p>\n<p>Fuente: Prensa Gobierno de Salta <\/p>\n","protected":false},"excerpt":{"rendered":"<p>En el segundo concierto de la temporada de sus Bodas de Plata, la Orquesta Sinf\u00f3nica de Salta celebrar\u00e1 el Mes de la Mujer. La presentaci\u00f3n ser\u00e1 ma\u00f1ana viernes 13 de marzo, a las 21 h, en el Teatro Provincial Juan Carlos Saravia, bajo la direcci\u00f3n de la maestra invitada Annunziata Tomaro. En el repertorio se [&hellip;]<\/p>\n","protected":false},"author":8,"featured_media":18877,"comment_status":"open","ping_status":"closed","sticky":false,"template":"","format":"standard","meta":[],"categories":[8],"tags":[],"_links":{"self":[{"href":"https:\/\/fm22.com.ar\/index.php\/wp-json\/wp\/v2\/posts\/18869"}],"collection":[{"href":"https:\/\/fm22.com.ar\/index.php\/wp-json\/wp\/v2\/posts"}],"about":[{"href":"https:\/\/fm22.com.ar\/index.php\/wp-json\/wp\/v2\/types\/post"}],"author":[{"embeddable":true,"href":"https:\/\/fm22.com.ar\/index.php\/wp-json\/wp\/v2\/users\/8"}],"replies":[{"embeddable":true,"href":"https:\/\/fm22.com.ar\/index.php\/wp-json\/wp\/v2\/comments?post=18869"}],"version-history":[{"count":1,"href":"https:\/\/fm22.com.ar\/index.php\/wp-json\/wp\/v2\/posts\/18869\/revisions"}],"predecessor-version":[{"id":18870,"href":"https:\/\/fm22.com.ar\/index.php\/wp-json\/wp\/v2\/posts\/18869\/revisions\/18870"}],"wp:featuredmedia":[{"embeddable":true,"href":"https:\/\/fm22.com.ar\/index.php\/wp-json\/wp\/v2\/media\/18877"}],"wp:attachment":[{"href":"https:\/\/fm22.com.ar\/index.php\/wp-json\/wp\/v2\/media?parent=18869"}],"wp:term":[{"taxonomy":"category","embeddable":true,"href":"https:\/\/fm22.com.ar\/index.php\/wp-json\/wp\/v2\/categories?post=18869"},{"taxonomy":"post_tag","embeddable":true,"href":"https:\/\/fm22.com.ar\/index.php\/wp-json\/wp\/v2\/tags?post=18869"}],"curies":[{"name":"wp","href":"https:\/\/api.w.org\/{rel}","templated":true}]}}