{"id":18867,"date":"2026-03-12T12:04:49","date_gmt":"2026-03-12T15:04:49","guid":{"rendered":"https:\/\/fm22.com.ar\/?p=18867"},"modified":"2026-03-12T13:16:44","modified_gmt":"2026-03-12T16:16:44","slug":"cine-en-la-usina-suerte-de-pinos-y-la-noche-sin-mi-en-la-proxima-fecha-de-los-martes-por-mujeres","status":"publish","type":"post","link":"https:\/\/fm22.com.ar\/index.php\/2026\/03\/12\/cine-en-la-usina-suerte-de-pinos-y-la-noche-sin-mi-en-la-proxima-fecha-de-los-martes-por-mujeres\/","title":{"rendered":"Cine en la Usina: Suerte de pinos y La noche sin m\u00ed en la pr\u00f3xima fecha de &#8220;Los Martes por mujeres&#8221;"},"content":{"rendered":"<p>Contin\u00faa con \u00e9xito de p\u00fablico la programaci\u00f3n de &#8220;Los Martes por mujeres&#8221;. El martes 17 de marzo, a las 19 y 21 hs, se proyectar\u00e1 Suerte de Pinos de Lorena Mu\u00f1oz  y La Noche sin m\u00ed de Mar\u00eda Laura Berch y Laura Chiabrando.<\/p>\n<p>En doble funci\u00f3n, en el Auditorio de la Usina Cultural con entradas de $4.950, a la venta enhttp:\/\/ www.vamos.gob.ar y en boleter\u00eda de la Usina, el d\u00eda de la funci\u00f3n.<\/p>\n<p>Sobre LOS MARTES<\/p>\n<p>El ciclo de cine Los Martes es organizado por la Direcci\u00f3n de Audiovisuales de la Secretar\u00eda de Cultura de la Provincia. Ofrece una programaci\u00f3n alternativa a las salas comerciales, con cine local, nacional, e internacional, con entradas a precios accesibles.<\/p>\n<p>Este mes, la programaci\u00f3n est\u00e1 dedicada a directoras en el marco de una nueva conmemoraci\u00f3n de la lucha de las mujeres por la igualdad.<\/p>\n<p>AS\u00cd CONTIN\u00daA LA CARTELERA DE \u201cLOS MARTES POR MUJERES\u201d \u2013 Marzo 2026<\/p>\n<p>&#8211;          Martes 17<\/p>\n<p>19 hs: Suerte de Pinos de Lorena Mu\u00f1oz<\/p>\n<p>Sinopsis: Un peque\u00f1o pueblo perdido en medio de un inmenso bosque de pinos en el norte de Espa\u00f1a. Un lugar que esconde fantasmas y no recuerda. La casa de piedra de mi familia, cerrada con tres candados. Durante una fiesta tradicional de origen medieval, los hombres casaderos cortan el pino m\u00e1s alto, largo y recto, y lo clavan en la plaza del pueblo. En ese mismo lugar 70 a\u00f1os antes, mataron a mi bisabuela y su hija. Un doble femicidio perpetrado a la vista de todos, pero del que nadie habl\u00f3, hasta ahora.<\/p>\n<p>21 hs: La Noche sin m\u00ed de Mar\u00eda Laura Berch y Laura Chiabrando<\/p>\n<p>Sinopsis: Eva se percibe diferente. Un hecho inesperado la transforma. Su universo femenino es puesto en tensi\u00f3n, sosteniendo lo insostenible en la estructura familiar. Desde esta noche, para ella todo ser\u00e1 distinto, aunque nada cambie.<\/p>\n<p>Martes 24<\/p>\n<p>19 hs: La casa de Arg\u00fcello de Valentina Llorens \u2013 ENTRADA GRATUITA<\/p>\n<p>Sinopsis: Valentina, hija de F\u00e1tima, nieta de Nelly y madre de Frida reconstruye frente a c\u00e1mara la historia de su familia. Los huesos de su t\u00edo, desaparecido en la \u00faltima dictadura militar, son encontrados y su restituci\u00f3n abre una herida. Valentina bucea en el doloroso pasado familiar a trav\u00e9s de cuatro generaciones de mujeres, descubre nuevas capas, donde el dolor de lo vivido cobra una nueva forma.<\/p>\n<p>21 HS: La Virgen de la Tosquera de Laura Casab\u00e9.<\/p>\n<p>Sinopsis: Natalia, Mariela y Josefina son amigas inseparables, locamente enamoradas de Diego, un amigo de la infancia. En el conflictivo verano de 2001 aparece Silvia, mundana y mayor, que lo cautiva. Entonces Natalia pide ayuda a su abuela, que la adentrar\u00e1 en el reino de los hechizos y la magia negra.<\/p>\n<p>Martes 31<\/p>\n<p>19 hs: La noche sin mi de Mar\u00eda Laura Berch y Laura Chiabrando<\/p>\n<p>Sinopsis: Eva se percibe diferente. Un hecho inesperado la transforma. Su universo femenino es puesto en tensi\u00f3n, sosteniendo lo insostenible en la estructura familiar. Desde esta noche, para ella todo ser\u00e1 distinto, aunque nada cambie.<br \/>\n21 hs: Suerte de pinos de Lorena Mu\u00f1oz<\/p>\n<p>Sinopsis: Un peque\u00f1o pueblo perdido en medio de un inmenso bosque de pinos en el norte de Espa\u00f1a. Un lugar que esconde fantasmas y no recuerda. La casa de piedra de mi familia, cerrada con tres candados. Durante una fiesta tradicional de origen medieval, los hombres casaderos cortan el pino m\u00e1s alto, largo y recto, y lo clavan en la plaza del pueblo. En ese mismo lugar 70 a\u00f1os antes, mataron a mi bisabuela y su hija. Un doble femicidio perpetrado a la vista de todos, pero del que nadie habl\u00f3, hasta ahora.<\/p>\n<p>Fuente: Prensa Gobierno de Salta <\/p>\n","protected":false},"excerpt":{"rendered":"<p>Contin\u00faa con \u00e9xito de p\u00fablico la programaci\u00f3n de &#8220;Los Martes por mujeres&#8221;. El martes 17 de marzo, a las 19 y 21 hs, se proyectar\u00e1 Suerte de Pinos de Lorena Mu\u00f1oz y La Noche sin m\u00ed de Mar\u00eda Laura Berch y Laura Chiabrando. En doble funci\u00f3n, en el Auditorio de la Usina Cultural con entradas [&hellip;]<\/p>\n","protected":false},"author":8,"featured_media":18876,"comment_status":"open","ping_status":"closed","sticky":false,"template":"","format":"standard","meta":[],"categories":[8],"tags":[],"_links":{"self":[{"href":"https:\/\/fm22.com.ar\/index.php\/wp-json\/wp\/v2\/posts\/18867"}],"collection":[{"href":"https:\/\/fm22.com.ar\/index.php\/wp-json\/wp\/v2\/posts"}],"about":[{"href":"https:\/\/fm22.com.ar\/index.php\/wp-json\/wp\/v2\/types\/post"}],"author":[{"embeddable":true,"href":"https:\/\/fm22.com.ar\/index.php\/wp-json\/wp\/v2\/users\/8"}],"replies":[{"embeddable":true,"href":"https:\/\/fm22.com.ar\/index.php\/wp-json\/wp\/v2\/comments?post=18867"}],"version-history":[{"count":1,"href":"https:\/\/fm22.com.ar\/index.php\/wp-json\/wp\/v2\/posts\/18867\/revisions"}],"predecessor-version":[{"id":18868,"href":"https:\/\/fm22.com.ar\/index.php\/wp-json\/wp\/v2\/posts\/18867\/revisions\/18868"}],"wp:featuredmedia":[{"embeddable":true,"href":"https:\/\/fm22.com.ar\/index.php\/wp-json\/wp\/v2\/media\/18876"}],"wp:attachment":[{"href":"https:\/\/fm22.com.ar\/index.php\/wp-json\/wp\/v2\/media?parent=18867"}],"wp:term":[{"taxonomy":"category","embeddable":true,"href":"https:\/\/fm22.com.ar\/index.php\/wp-json\/wp\/v2\/categories?post=18867"},{"taxonomy":"post_tag","embeddable":true,"href":"https:\/\/fm22.com.ar\/index.php\/wp-json\/wp\/v2\/tags?post=18867"}],"curies":[{"name":"wp","href":"https:\/\/api.w.org\/{rel}","templated":true}]}}