{"id":18857,"date":"2026-03-09T14:50:20","date_gmt":"2026-03-09T17:50:20","guid":{"rendered":"https:\/\/fm22.com.ar\/?p=18857"},"modified":"2026-03-09T14:58:06","modified_gmt":"2026-03-09T17:58:06","slug":"la-caldera-se-prepara-para-la-35a-edicion-de-la-fiesta-nacional-de-la-chicha","status":"publish","type":"post","link":"https:\/\/fm22.com.ar\/index.php\/2026\/03\/09\/la-caldera-se-prepara-para-la-35a-edicion-de-la-fiesta-nacional-de-la-chicha\/","title":{"rendered":"*La Caldera se Prepara para la 35\u00aa Edici\u00f3n de la Fiesta Nacional de la Chicha"},"content":{"rendered":"<p><img loading=\"lazy\" src=\"https:\/\/fm22.com.ar\/wp-content\/uploads\/2026\/03\/IMG-20260309-WA0007.jpg\" alt=\"\" width=\"1600\" height=\"1066\" class=\"alignnone size-full wp-image-18860\" srcset=\"https:\/\/fm22.com.ar\/wp-content\/uploads\/2026\/03\/IMG-20260309-WA0007.jpg 1600w, https:\/\/fm22.com.ar\/wp-content\/uploads\/2026\/03\/IMG-20260309-WA0007-768x512.jpg 768w, https:\/\/fm22.com.ar\/wp-content\/uploads\/2026\/03\/IMG-20260309-WA0007-1536x1023.jpg 1536w, https:\/\/fm22.com.ar\/wp-content\/uploads\/2026\/03\/IMG-20260309-WA0007-696x464.jpg 696w\" sizes=\"(max-width: 1600px) 100vw, 1600px\" \/><img loading=\"lazy\" src=\"https:\/\/fm22.com.ar\/wp-content\/uploads\/2026\/03\/IMG-20260309-WA0006.jpg\" alt=\"\" width=\"447\" height=\"447\" class=\"alignnone size-full wp-image-18862\" srcset=\"https:\/\/fm22.com.ar\/wp-content\/uploads\/2026\/03\/IMG-20260309-WA0006.jpg 447w, https:\/\/fm22.com.ar\/wp-content\/uploads\/2026\/03\/IMG-20260309-WA0006-150x150.jpg 150w\" sizes=\"(max-width: 447px) 100vw, 447px\" \/>Salta se prepara para vivir un un fin de sema inolvidable. La 35\u00aa edici\u00f3n de la Fiesta Nacional de la Chicha, uno de los eventos m\u00e1s esperados de la temporada, se llevar\u00e1 a cabo en los pr\u00f3ximos d\u00edas y promete ser un espect\u00e1culo inolvidable.<\/p>\n<p>Con una cartelera repleta de artistas de primer nivel, la fiesta se convertir\u00e1 en el cierre perfecto de la temporada de festivales del verano en Salta. La Caldera, un lugar emblem\u00e1tico de la regi\u00f3n, se transformar\u00e1 en el escenario de una noche m\u00e1gica que reunir\u00e1 a miles de personas para celebrar la cultura y la tradici\u00f3n.<\/p>\n<p>[Imagen 1: Cartelera de la 35\u00aa Edici\u00f3n de la Fiesta Nacional de la Chicha]<\/p>\n<p>La expectativa es alta, y no es para menos. La organizaci\u00f3n del evento ha trabajado arduamente para ofrecer un espect\u00e1culo de alta calidad, con una variedad de artistas que deleitar\u00e1n a los asistentes con su m\u00fasica y energ\u00eda.<\/p>\n<p>La conferencia de prensa realizada el pasado 5 de marzo, cont\u00f3 con la presencia del intendente Diego Zumbay y el Chaque\u00f1o Palavecino, quienes expresaron su emoci\u00f3n y orgullo por la realizaci\u00f3n de este evento.<\/p>\n<p>[Imagen 2: Conferencia de prensa<\/p>\n<p>La 35\u00aa Edici\u00f3n de la Fiesta Nacional de la Chicha promete ser un evento inolvidable, con m\u00fasica, baile y la mejor Chicha de la regi\u00f3n. No te pierdas la oportunidad de vivir una noche m\u00e1gica en La Caldera. \u00a1La fiesta comienza pronto!<\/p>\n","protected":false},"excerpt":{"rendered":"<p>Salta se prepara para vivir un un fin de sema inolvidable. La 35\u00aa edici\u00f3n de la Fiesta Nacional de la Chicha, uno de los eventos m\u00e1s esperados de la temporada, se llevar\u00e1 a cabo en los pr\u00f3ximos d\u00edas y promete ser un espect\u00e1culo inolvidable. Con una cartelera repleta de artistas de primer nivel, la fiesta [&hellip;]<\/p>\n","protected":false},"author":8,"featured_media":18858,"comment_status":"open","ping_status":"closed","sticky":false,"template":"","format":"standard","meta":[],"categories":[8],"tags":[],"_links":{"self":[{"href":"https:\/\/fm22.com.ar\/index.php\/wp-json\/wp\/v2\/posts\/18857"}],"collection":[{"href":"https:\/\/fm22.com.ar\/index.php\/wp-json\/wp\/v2\/posts"}],"about":[{"href":"https:\/\/fm22.com.ar\/index.php\/wp-json\/wp\/v2\/types\/post"}],"author":[{"embeddable":true,"href":"https:\/\/fm22.com.ar\/index.php\/wp-json\/wp\/v2\/users\/8"}],"replies":[{"embeddable":true,"href":"https:\/\/fm22.com.ar\/index.php\/wp-json\/wp\/v2\/comments?post=18857"}],"version-history":[{"count":3,"href":"https:\/\/fm22.com.ar\/index.php\/wp-json\/wp\/v2\/posts\/18857\/revisions"}],"predecessor-version":[{"id":18863,"href":"https:\/\/fm22.com.ar\/index.php\/wp-json\/wp\/v2\/posts\/18857\/revisions\/18863"}],"wp:featuredmedia":[{"embeddable":true,"href":"https:\/\/fm22.com.ar\/index.php\/wp-json\/wp\/v2\/media\/18858"}],"wp:attachment":[{"href":"https:\/\/fm22.com.ar\/index.php\/wp-json\/wp\/v2\/media?parent=18857"}],"wp:term":[{"taxonomy":"category","embeddable":true,"href":"https:\/\/fm22.com.ar\/index.php\/wp-json\/wp\/v2\/categories?post=18857"},{"taxonomy":"post_tag","embeddable":true,"href":"https:\/\/fm22.com.ar\/index.php\/wp-json\/wp\/v2\/tags?post=18857"}],"curies":[{"name":"wp","href":"https:\/\/api.w.org\/{rel}","templated":true}]}}