{"id":18849,"date":"2026-03-09T09:37:37","date_gmt":"2026-03-09T12:37:37","guid":{"rendered":"https:\/\/fm22.com.ar\/?p=18849"},"modified":"2026-03-09T09:49:57","modified_gmt":"2026-03-09T12:49:57","slug":"se-realizara-un-taller-virtual-para-acompanar-la-formulacion-de-proyectos-socioproductivos","status":"publish","type":"post","link":"https:\/\/fm22.com.ar\/index.php\/2026\/03\/09\/se-realizara-un-taller-virtual-para-acompanar-la-formulacion-de-proyectos-socioproductivos\/","title":{"rendered":"Se realizar\u00e1 un taller virtual para acompa\u00f1ar la formulaci\u00f3n de proyectos socioproductivos"},"content":{"rendered":"<p>En marco de la Convocatoria Provincial de Proyectos Socioproductivos 2026, la Secretar\u00eda de Coordinaci\u00f3n Interministerial del Gobierno de la Provincia de Salta realizar\u00e1 un Encuentro Informativo Virtual y Taller Pr\u00e1ctico \u201cDe la idea al proyecto\u201d, destinado a organizaciones y grupos interesados en presentar iniciativas en esta nueva edici\u00f3n. El mismo se desarrollar\u00e1 ma\u00f1ana lunes 9 de marzo de 10:00 a 11:00hs, mediante plataforma Google Meet con el siguiente enlace https:\/\/meet.google.com\/fri-usno-zfs<\/p>\n<p>Durante el encuentro se explicar\u00e1n los principales aspectos de la convocatoria, incluyendo los lineamientos de presentaci\u00f3n, el formulario de postulaci\u00f3n, las bases y condiciones y el cronograma del proceso, adem\u00e1s de un espacio pr\u00e1ctico para acompa\u00f1ar a los participantes en el desarrollo inicial de sus propuestas.<br \/>\nCabe destacar que la Convocatoria Provincial de Proyectos Socioproductivos 2026 estar\u00e1 abierta hasta el 27 de marzo de 2026 y est\u00e1 dirigida a organizaciones con personer\u00eda jur\u00eddica y grupos asociativos de entre 2 y 8 integrantes.<\/p>\n<p>Podr\u00e1n presentarse proyectos vinculados al fortalecimiento de unidades productivas y cadenas de valor, iniciativas culturales e innovaci\u00f3n tecnol\u00f3gica, proyectos de h\u00e1bitat urbano y medio ambiente, y propuestas de turismo rural comunitario.<\/p>\n<p>En cuanto al financiamiento, los grupos asociativos podr\u00e1n concursar por montos de hasta $1.000.000, mientras que las personas jur\u00eddicas de hasta $1.500.000, destinados a la adquisici\u00f3n de insumos, herramientas, maquinarias, mobiliario y materiales necesarios para la ejecuci\u00f3n de los proyectos.<br \/>\nDesde el Gobierno de la Provincia se invita a organizaciones, emprendedores y actores comunitarios de toda Salta a participar activamente de esta nueva edici\u00f3n, que busca promover el desarrollo local, fortalecer el entramado productivo y generar oportunidades reales en cada regi\u00f3n de la provincia.<\/p>\n<p>Los formularios, bases y condiciones se encuentran disponibles en el portal oficial: http:\/\/www.portaloscsalta.org\/<\/p>\n<p>Fuente: Prensa Gobierno de Salta <\/p>\n","protected":false},"excerpt":{"rendered":"<p>En marco de la Convocatoria Provincial de Proyectos Socioproductivos 2026, la Secretar\u00eda de Coordinaci\u00f3n Interministerial del Gobierno de la Provincia de Salta realizar\u00e1 un Encuentro Informativo Virtual y Taller Pr\u00e1ctico \u201cDe la idea al proyecto\u201d, destinado a organizaciones y grupos interesados en presentar iniciativas en esta nueva edici\u00f3n. El mismo se desarrollar\u00e1 ma\u00f1ana lunes 9 [&hellip;]<\/p>\n","protected":false},"author":8,"featured_media":18856,"comment_status":"open","ping_status":"closed","sticky":false,"template":"","format":"standard","meta":[],"categories":[105],"tags":[],"_links":{"self":[{"href":"https:\/\/fm22.com.ar\/index.php\/wp-json\/wp\/v2\/posts\/18849"}],"collection":[{"href":"https:\/\/fm22.com.ar\/index.php\/wp-json\/wp\/v2\/posts"}],"about":[{"href":"https:\/\/fm22.com.ar\/index.php\/wp-json\/wp\/v2\/types\/post"}],"author":[{"embeddable":true,"href":"https:\/\/fm22.com.ar\/index.php\/wp-json\/wp\/v2\/users\/8"}],"replies":[{"embeddable":true,"href":"https:\/\/fm22.com.ar\/index.php\/wp-json\/wp\/v2\/comments?post=18849"}],"version-history":[{"count":1,"href":"https:\/\/fm22.com.ar\/index.php\/wp-json\/wp\/v2\/posts\/18849\/revisions"}],"predecessor-version":[{"id":18850,"href":"https:\/\/fm22.com.ar\/index.php\/wp-json\/wp\/v2\/posts\/18849\/revisions\/18850"}],"wp:featuredmedia":[{"embeddable":true,"href":"https:\/\/fm22.com.ar\/index.php\/wp-json\/wp\/v2\/media\/18856"}],"wp:attachment":[{"href":"https:\/\/fm22.com.ar\/index.php\/wp-json\/wp\/v2\/media?parent=18849"}],"wp:term":[{"taxonomy":"category","embeddable":true,"href":"https:\/\/fm22.com.ar\/index.php\/wp-json\/wp\/v2\/categories?post=18849"},{"taxonomy":"post_tag","embeddable":true,"href":"https:\/\/fm22.com.ar\/index.php\/wp-json\/wp\/v2\/tags?post=18849"}],"curies":[{"name":"wp","href":"https:\/\/api.w.org\/{rel}","templated":true}]}}