{"id":18847,"date":"2026-03-09T09:28:55","date_gmt":"2026-03-09T12:28:55","guid":{"rendered":"https:\/\/fm22.com.ar\/?p=18847"},"modified":"2026-03-09T09:49:00","modified_gmt":"2026-03-09T12:49:00","slug":"alerta-meteorologica-por-tormentas-en-distintas-regiones-de-la-provincia","status":"publish","type":"post","link":"https:\/\/fm22.com.ar\/index.php\/2026\/03\/09\/alerta-meteorologica-por-tormentas-en-distintas-regiones-de-la-provincia\/","title":{"rendered":"Alerta meteorol\u00f3gica por tormentas en distintas regiones de la provincia"},"content":{"rendered":"<p>El Servicio Meteorol\u00f3gico Nacional emiti\u00f3 alerta amarilla por tormentas con vigencia a partir de las 6 hs de ma\u00f1ana lunes hasta las 12 hs en Capital, Cerrillos, Guachipas, La Vi\u00f1a, Zona baja de Chicoana, Zona baja de La Caldera, Zona baja de Rosario de Lerma y Zona monta\u00f1osa de Cafayate y desde las 6 hs hasta las 18 hs en la Pre Puna de Iruya, Pre Puna de Or\u00e1n y Pre Puna de Santa Victoria.<\/p>\n<p>Estas zonas ser\u00e1n afectadas por tormentas, algunas fuertes, que podr\u00e1n estar acompa\u00f1adas de precipitaci\u00f3n abundante en cortos per\u00edodos, granizo, actividad el\u00e9ctrica frecuente, y r\u00e1fagas mayores a 60 km\/h. Se prev\u00e9n valores de precipitaci\u00f3n acumulada entre 30 y 50 mm, que pueden ser superados de manera local.<br \/>\nEn tanto, desde las 6 hs hasta las 12 hs de ma\u00f1ana lunes la alerta se extender\u00e1 para las zonas de Anta, General G\u00fcemes, La Candelaria, Met\u00e1n y Rosario de la Frontera y hasta las 18 hs en el departamento San Mart\u00edn, Yunga de Iruya, Yunga de Or\u00e1n, Yunga de Santa Victoria y el departamento Rivadavia. <\/p>\n<p>En este caso el \u00e1rea ser\u00e1 afectada por tormentas aisladas de variada intensidad, algunas localmente fuertes, con lluvias abundantes en cortos per\u00edodos, actividad el\u00e9ctrica frecuente, ocasional ca\u00edda de granizo y r\u00e1fagas que pueden superar los 60 km\/h. Se prev\u00e9n valores de precipitaci\u00f3n acumulada de hasta 60 mm.<\/p>\n<p>Fuente: Prensa Gobierno de Salta <\/p>\n","protected":false},"excerpt":{"rendered":"<p>El Servicio Meteorol\u00f3gico Nacional emiti\u00f3 alerta amarilla por tormentas con vigencia a partir de las 6 hs de ma\u00f1ana lunes hasta las 12 hs en Capital, Cerrillos, Guachipas, La Vi\u00f1a, Zona baja de Chicoana, Zona baja de La Caldera, Zona baja de Rosario de Lerma y Zona monta\u00f1osa de Cafayate y desde las 6 hs [&hellip;]<\/p>\n","protected":false},"author":8,"featured_media":18855,"comment_status":"open","ping_status":"closed","sticky":false,"template":"","format":"standard","meta":[],"categories":[138],"tags":[],"_links":{"self":[{"href":"https:\/\/fm22.com.ar\/index.php\/wp-json\/wp\/v2\/posts\/18847"}],"collection":[{"href":"https:\/\/fm22.com.ar\/index.php\/wp-json\/wp\/v2\/posts"}],"about":[{"href":"https:\/\/fm22.com.ar\/index.php\/wp-json\/wp\/v2\/types\/post"}],"author":[{"embeddable":true,"href":"https:\/\/fm22.com.ar\/index.php\/wp-json\/wp\/v2\/users\/8"}],"replies":[{"embeddable":true,"href":"https:\/\/fm22.com.ar\/index.php\/wp-json\/wp\/v2\/comments?post=18847"}],"version-history":[{"count":1,"href":"https:\/\/fm22.com.ar\/index.php\/wp-json\/wp\/v2\/posts\/18847\/revisions"}],"predecessor-version":[{"id":18848,"href":"https:\/\/fm22.com.ar\/index.php\/wp-json\/wp\/v2\/posts\/18847\/revisions\/18848"}],"wp:featuredmedia":[{"embeddable":true,"href":"https:\/\/fm22.com.ar\/index.php\/wp-json\/wp\/v2\/media\/18855"}],"wp:attachment":[{"href":"https:\/\/fm22.com.ar\/index.php\/wp-json\/wp\/v2\/media?parent=18847"}],"wp:term":[{"taxonomy":"category","embeddable":true,"href":"https:\/\/fm22.com.ar\/index.php\/wp-json\/wp\/v2\/categories?post=18847"},{"taxonomy":"post_tag","embeddable":true,"href":"https:\/\/fm22.com.ar\/index.php\/wp-json\/wp\/v2\/tags?post=18847"}],"curies":[{"name":"wp","href":"https:\/\/api.w.org\/{rel}","templated":true}]}}