{"id":18841,"date":"2026-03-09T09:16:19","date_gmt":"2026-03-09T12:16:19","guid":{"rendered":"https:\/\/fm22.com.ar\/?p=18841"},"modified":"2026-03-09T09:46:25","modified_gmt":"2026-03-09T12:46:25","slug":"salta-conmemoro-el-dia-internacional-de-la-mujer-trabajadora-con-un-llamado-a-la-memoria-y-la-justicia","status":"publish","type":"post","link":"https:\/\/fm22.com.ar\/index.php\/2026\/03\/09\/salta-conmemoro-el-dia-internacional-de-la-mujer-trabajadora-con-un-llamado-a-la-memoria-y-la-justicia\/","title":{"rendered":"Salta conmemor\u00f3 el D\u00eda Internacional de la Mujer Trabajadora con un llamado a la memoria y la justicia"},"content":{"rendered":"<p>En el marco del D\u00eda Internacional de la Mujer Trabajadora, el ministro de Gobierno y Justicia de la Provincia, Ignacio Jars\u00fan, acompa\u00f1\u00f3 al c\u00f3nsul general de Francia en Argentina, Jean- Christophe Fleury en una visita al sitio donde se recuerda a las j\u00f3venes francesas Cassandre Bouvier y Houria Moumni, asesinadas en Salta en 2011. De la actividad tambi\u00e9n participaron la subsecretaria de Justicia, Agustina Rizzoli, y la subsecretaria de Mujeres, G\u00e9nero y Diversidad, Julieta Valencia.<\/p>\n<p>Durante la jornada se realiz\u00f3 un homenaje en memoria de las dos j\u00f3venes, en un gesto de respeto y acompa\u00f1amiento hacia sus familias y hacia el pueblo franc\u00e9s. Las autoridades presentes destacaron la importancia de mantener viva la memoria y reafirmar el compromiso institucional con la b\u00fasqueda de justicia.<\/p>\n<p>En ese contexto, el ministro Jars\u00fan expres\u00f3: \u201cReafirmo el respeto y el acompa\u00f1amiento del Gobierno. Sabemos que ninguna palabra puede reparar el dolor de una familia, pero s\u00ed podemos reafirmar nuestra voluntad de que la b\u00fasqueda de justicia contin\u00fae y de que todas las herramientas institucionales est\u00e9n al servicio de ese objetivo\u201d.<\/p>\n<p>El acto se desarroll\u00f3 en un clima de recogimiento y reflexi\u00f3n, en una fecha que invita a visibilizar la lucha de las mujeres y a renovar el compromiso con una sociedad m\u00e1s justa y libre de violencias.<\/p>\n<p>Fuente: Prensa Gobierno de Salta <\/p>\n","protected":false},"excerpt":{"rendered":"<p>En el marco del D\u00eda Internacional de la Mujer Trabajadora, el ministro de Gobierno y Justicia de la Provincia, Ignacio Jars\u00fan, acompa\u00f1\u00f3 al c\u00f3nsul general de Francia en Argentina, Jean- Christophe Fleury en una visita al sitio donde se recuerda a las j\u00f3venes francesas Cassandre Bouvier y Houria Moumni, asesinadas en Salta en 2011. De [&hellip;]<\/p>\n","protected":false},"author":8,"featured_media":18852,"comment_status":"open","ping_status":"closed","sticky":false,"template":"","format":"standard","meta":[],"categories":[105],"tags":[],"_links":{"self":[{"href":"https:\/\/fm22.com.ar\/index.php\/wp-json\/wp\/v2\/posts\/18841"}],"collection":[{"href":"https:\/\/fm22.com.ar\/index.php\/wp-json\/wp\/v2\/posts"}],"about":[{"href":"https:\/\/fm22.com.ar\/index.php\/wp-json\/wp\/v2\/types\/post"}],"author":[{"embeddable":true,"href":"https:\/\/fm22.com.ar\/index.php\/wp-json\/wp\/v2\/users\/8"}],"replies":[{"embeddable":true,"href":"https:\/\/fm22.com.ar\/index.php\/wp-json\/wp\/v2\/comments?post=18841"}],"version-history":[{"count":1,"href":"https:\/\/fm22.com.ar\/index.php\/wp-json\/wp\/v2\/posts\/18841\/revisions"}],"predecessor-version":[{"id":18842,"href":"https:\/\/fm22.com.ar\/index.php\/wp-json\/wp\/v2\/posts\/18841\/revisions\/18842"}],"wp:featuredmedia":[{"embeddable":true,"href":"https:\/\/fm22.com.ar\/index.php\/wp-json\/wp\/v2\/media\/18852"}],"wp:attachment":[{"href":"https:\/\/fm22.com.ar\/index.php\/wp-json\/wp\/v2\/media?parent=18841"}],"wp:term":[{"taxonomy":"category","embeddable":true,"href":"https:\/\/fm22.com.ar\/index.php\/wp-json\/wp\/v2\/categories?post=18841"},{"taxonomy":"post_tag","embeddable":true,"href":"https:\/\/fm22.com.ar\/index.php\/wp-json\/wp\/v2\/tags?post=18841"}],"curies":[{"name":"wp","href":"https:\/\/api.w.org\/{rel}","templated":true}]}}