{"id":17278,"date":"2025-03-03T22:48:31","date_gmt":"2025-03-04T01:48:31","guid":{"rendered":"https:\/\/fm22.com.ar\/?p=17278"},"modified":"2025-03-03T23:18:36","modified_gmt":"2025-03-04T02:18:36","slug":"el-sistema-de-taxis-y-remises-ha-perdido-eficiencia","status":"publish","type":"post","link":"https:\/\/fm22.com.ar\/index.php\/2025\/03\/03\/el-sistema-de-taxis-y-remises-ha-perdido-eficiencia\/","title":{"rendered":"Emiliano Durand: &#8220;El sistema de taxis y remises ha perdido eficiencia&#8221;"},"content":{"rendered":"<p>&nbsp;<\/p>\n<p>Buscar\u00e1n reglamentar el uso de aplicaciones.<\/p>\n<p>En la apertura de sesiones ordinarias 2025 del Concejo Deliberante capitalino, el intendente de la ciudad observ\u00f3 que el transporte tradicional, de taxis y remises, qued\u00f3 obsoleto; por ello, enviar\u00e1 un proyecto para dar paso a la reglamentaci\u00f3n de las app Uber, Cabify y Didi.<\/p>\n<p>Emiliano Durand dio apertura al inicio de sesiones del CD y en su discurso, entre otros temas, se refiri\u00f3 a la pol\u00e9mica y persecutoria utilizaci\u00f3n de aplicaciones vinculadas al transporte en la ciudad que no sean los tradicionales taxis y remises.<\/p>\n<p>&#8220;Se\u00f1ores concejales, hoy nos encontramos ante una realidad que no podemos ignorar: el transporte tradicional, tal como lo conocemos, ha quedado obsoleto&#8221;, dijo y agreg\u00f3. &#8220;El sistema de taxis y remises ha perdido eficiencia, quedando en claras desventaja frente a nuevas alternativas de transporte&#8221;.<\/p>\n<p>Analiz\u00f3 el caso de remises, al que calific\u00f3 como una &#8220;situaci\u00f3n a\u00fan m\u00e1s compleja&#8221;, ya que &#8220;la gran mayor\u00eda de los choferes son rehenes de un sistema que les impide negociar condiciones justas y tener autonom\u00eda en su trabajo&#8221;.<\/p>\n<p>Es aqu\u00ed cuando se refiri\u00f3 al uso de las plataformas digitales como\u00a0Uber, Cabify, Didi\u00a0y otras, que ya son una realidad en nuestras ciudades. &#8220;Los usuarios las est\u00e1n eligiendo. Son ellos quienes imponen esta modalidad.<br \/>\nLa\u00a0legalizaci\u00f3n de estas plataformas es el paso necesario para adaptarnos a las nuevas demandas de los ciudadanos&#8221;, agreg\u00f3.<\/p>\n<p>&#8220;Por eso, quiero anunciarles que\u00a0<strong>estar\u00e9 enviando un proyecto para dar paso a la reglamentaci\u00f3n de estas aplicaciones<\/strong>. Este proyecto buscar\u00e1 establecer un marco legal claro y justo para todas las partes involucradas, tanto para los conductores como para los usuarios&#8221;.<\/p>\n<p>Finalmente pidi\u00f3 convocar al debate a todos los actores del sistema, y tomarse &#8220;el tiempo suficiente para actuar de manera responsable y transparente garantizando que todos sean escuchados&#8221;.<\/p>\n","protected":false},"excerpt":{"rendered":"<p>&nbsp; Buscar\u00e1n reglamentar el uso de aplicaciones. En la apertura de sesiones ordinarias 2025 del Concejo Deliberante capitalino, el intendente de la ciudad observ\u00f3 que el transporte tradicional, de taxis y remises, qued\u00f3 obsoleto; por ello, enviar\u00e1 un proyecto para dar paso a la reglamentaci\u00f3n de las app Uber, Cabify y Didi. Emiliano Durand dio [&hellip;]<\/p>\n","protected":false},"author":4,"featured_media":17279,"comment_status":"open","ping_status":"closed","sticky":false,"template":"","format":"standard","meta":[],"categories":[16],"tags":[],"_links":{"self":[{"href":"https:\/\/fm22.com.ar\/index.php\/wp-json\/wp\/v2\/posts\/17278"}],"collection":[{"href":"https:\/\/fm22.com.ar\/index.php\/wp-json\/wp\/v2\/posts"}],"about":[{"href":"https:\/\/fm22.com.ar\/index.php\/wp-json\/wp\/v2\/types\/post"}],"author":[{"embeddable":true,"href":"https:\/\/fm22.com.ar\/index.php\/wp-json\/wp\/v2\/users\/4"}],"replies":[{"embeddable":true,"href":"https:\/\/fm22.com.ar\/index.php\/wp-json\/wp\/v2\/comments?post=17278"}],"version-history":[{"count":2,"href":"https:\/\/fm22.com.ar\/index.php\/wp-json\/wp\/v2\/posts\/17278\/revisions"}],"predecessor-version":[{"id":17281,"href":"https:\/\/fm22.com.ar\/index.php\/wp-json\/wp\/v2\/posts\/17278\/revisions\/17281"}],"wp:featuredmedia":[{"embeddable":true,"href":"https:\/\/fm22.com.ar\/index.php\/wp-json\/wp\/v2\/media\/17279"}],"wp:attachment":[{"href":"https:\/\/fm22.com.ar\/index.php\/wp-json\/wp\/v2\/media?parent=17278"}],"wp:term":[{"taxonomy":"category","embeddable":true,"href":"https:\/\/fm22.com.ar\/index.php\/wp-json\/wp\/v2\/categories?post=17278"},{"taxonomy":"post_tag","embeddable":true,"href":"https:\/\/fm22.com.ar\/index.php\/wp-json\/wp\/v2\/tags?post=17278"}],"curies":[{"name":"wp","href":"https:\/\/api.w.org\/{rel}","templated":true}]}}